{"id":33700,"date":"2025-12-19T12:15:00","date_gmt":"2025-12-19T18:15:00","guid":{"rendered":"https:\/\/www.salgadonoticias.com\/?p=33700"},"modified":"2025-12-18T23:55:14","modified_gmt":"2025-12-19T05:55:14","slug":"33700","status":"publish","type":"post","link":"https:\/\/www.salgadonoticias.com\/?p=33700","title":{"rendered":"Demanda firmada. No procede desecharla por diferencia de firmas SIN prevenir para ratificaci\u00f3n\u2026!!!"},"content":{"rendered":"<p>Views: 0<\/p>\n<p><\/p>\n\n\n\n<p>Este <strong>ANTEDECENTE<\/strong><\/p>\n\n\n\n<p><mark style=\"background-color:rgba(0, 0, 0, 0);color:#035b3b\" class=\"has-inline-color\"><strong>Surge <\/strong>luego de que, una<strong> persona<\/strong> promovi\u00f3 <strong>juicio oral civil<\/strong>. La <strong>jueza<\/strong> la <strong>previno<\/strong> para que proporcionara cierta <strong>informaci\u00f3n<\/strong> y aclarara algunos <strong>conceptos<\/strong>. La <strong>prevenci\u00f3n<\/strong> se desahog\u00f3 mediante un <strong>escrito<\/strong> firmado en forma <strong>aut\u00f3grafa<\/strong>. La <strong>jueza<\/strong> volvi\u00f3 a <strong>requerir<\/strong> a la <strong>actora<\/strong> para que hiciera algunas <strong>precisiones<\/strong> y de nueva cuenta la <strong>prevenci\u00f3n<\/strong> se desahog\u00f3 en un <strong>escrito<\/strong> en el que asent\u00f3 su <strong>firma aut\u00f3grafa<\/strong>. A este \u00faltimo <strong>escrito<\/strong> recay\u00f3 una <strong>resoluci\u00f3n<\/strong> que tuvo por <strong>no presentada la demanda<\/strong>, pues la <strong>jueza<\/strong> consider\u00f3 que la <strong>firma<\/strong> que conten\u00eda era <strong>distinta<\/strong> a la estampada en el <strong>primer escrito<\/strong> de desahogo de <strong>prevenci\u00f3n<\/strong>.<\/mark><\/p>\n\n\n\n<p>.<\/p>\n\n\n\n<p>La <strong><mark style=\"background-color:rgba(0, 0, 0, 0);color:#410281\" class=\"has-inline-color\">Suprema Corte de Justicia<\/mark> <\/strong>a trav\u00e9s del Tribunal Colegiado <strong><mark style=\"background-color:rgba(0, 0, 0, 0);color:#870404\" class=\"has-inline-color\">DETERMIN\u00d3<\/mark> <\/strong>que <mark style=\"background-color:#8dfcda\" class=\"has-inline-color\"><strong>NO procede desechar<\/strong> o tener por <strong>no presentada la demanda<\/strong> por presunta <strong>diferencia de firma<\/strong> entre el <strong>escrito inicial<\/strong> y el de <strong>prevenci\u00f3n<\/strong>, sin antes <strong>prevenir<\/strong> a la <strong>actora<\/strong> para que la <strong>ratifique<\/strong>.<\/mark><\/p>\n\n\n\n<p>.<\/p>\n\n\n\n<p>La <mark style=\"background-color:rgba(0, 0, 0, 0);color:#8c3d03\" class=\"has-inline-color\"><strong>justificaci\u00f3n <\/strong>de la <\/mark><strong><mark style=\"background-color:rgba(0, 0, 0, 0);color:#110492\" class=\"has-inline-color\">SCJN<\/mark><\/strong><mark style=\"background-color:rgba(0, 0, 0, 0);color:#8c3d03\" class=\"has-inline-color\"> es que, el<strong> C\u00f3digo de Procedimientos Civiles<\/strong> para la CdMx <strong>no prev\u00e9<\/strong> facultad expresa para ordenar la <strong>ratificaci\u00f3n de firmas<\/strong> en una <strong>demanda<\/strong> o <strong>desahogo de prevenci\u00f3n<\/strong>. Sin embargo, el <strong>art. 980<\/strong> <em><u>SI<\/u><\/em> exige la <strong>firma<\/strong> como requisito, y el <strong>981<\/strong> indica que, si la demanda es <strong>obscura o irregular<\/strong>, el Juez debe <strong>prevenir<\/strong> a la <strong>actora<\/strong> para subsanar esto en <strong>tres d\u00edas<\/strong>. As\u00ed, ante <strong>duda o irregularidad<\/strong>, debe requerirse la <strong>ratificaci\u00f3n<\/strong> para <em><u>garantizar<\/u><\/em> el <strong>derecho de acceso a la justicia<\/strong> conforme al <strong>art\u00edculo 1\u00ba constitucional<\/strong>.<\/mark><\/p>\n\n\n\n<p>.<\/p>\n\n\n\n<p>Estas <strong><mark style=\"background-color:#9bdca5\" class=\"has-inline-color\">RESOLUCI\u00d3N<\/mark> <\/strong>est\u00e1 <strong>disponible<\/strong> para quien la <mark style=\"background-color:rgba(0, 0, 0, 0);color:#810303\" class=\"has-inline-color\"><strong>CONOZCA<\/strong> y la <strong>HAGA VALER<\/strong><\/mark><strong> <\/strong>en todo el pa\u00eds a partir de esta semana.<\/p>\n\n\n\n<p><strong><mark style=\"background-color:rgba(0, 0, 0, 0);color:#035034\" class=\"has-inline-color\">Tesis CIVIL<\/mark><\/strong><\/p>\n\n\n\n<p class=\"has-small-font-size\"><strong>Registro digital<\/strong>: \u00a02031577<\/p>\n\n\n\n<p>.<\/p>\n\n\n\n<p class=\"wp-embed-aspect-16-9 wp-has-aspect-ratio\">Si estas en el <strong><mark style=\"background-color:rgba(0, 0, 0, 0)\" class=\"has-inline-color has-vivid-red-color\">Extranjero <\/mark><\/strong>nosotros somos tu <strong><mark style=\"background-color:rgba(0, 0, 0, 0)\" class=\"has-inline-color has-vivid-green-cyan-color\">mejor<\/mark><\/strong> alternativa para <strong><mark style=\"background-color:rgba(0, 0, 0, 0)\" class=\"has-inline-color has-luminous-vivid-orange-color\">velar<\/mark><\/strong> por tus <strong><mark style=\"background-color:rgba(0, 0, 0, 0)\" class=\"has-inline-color has-vivid-cyan-blue-color\">intereses<\/mark><\/strong>, escr\u00edbenos o ll\u00e1manos al Tel <strong>55581-11311<\/strong>.<\/p>\n\n\n\n<p class=\"wp-embed-aspect-16-9 wp-has-aspect-ratio\">.<\/p>\n\n\n\n<p class=\"wp-embed-aspect-16-9 wp-has-aspect-ratio\">Cuando<strong> necesites<\/strong> ayuda, <strong>asistencia<\/strong> o <strong>planeaci\u00f3n<\/strong> legal, <strong>solicita<\/strong> <strong>Cita Privada<\/strong> <a href=\"mailto:bi@sm99.mx\" target=\"_blank\" rel=\"noreferrer noopener\"><strong>Aqu\u00ed<\/strong><\/a><\/p>\n\n\n\n<p class=\"wp-embed-aspect-16-9 wp-has-aspect-ratio\">La informaci\u00f3n que AQU\u00cd te presentamos <strong>deriva<\/strong> de los <strong>Peri\u00f3dicos Oficiales <\/strong>de la<strong> CdMx<\/strong>, <strong>Estado<\/strong> de Mex., Diario <strong>Oficial<\/strong> de la Federaci\u00f3n, Suprema Corte de<strong> Justicia<\/strong> de la Naci\u00f3n, por lo tanto es de <strong>aplicaci\u00f3n OBLIGATORIA<\/strong>.<\/p>\n","protected":false},"excerpt":{"rendered":"<p>Views: 0 Este ANTEDECENTE Surge luego de que, una persona promovi\u00f3 juicio oral civil. La jueza la previno para que proporcionara cierta informaci\u00f3n y aclarara algunos conceptos. La prevenci\u00f3n se desahog\u00f3 mediante un escrito firmado en forma aut\u00f3grafa. La jueza volvi\u00f3 a requerir a la actora para que hiciera algunas precisiones y de nueva cuenta [&hellip;]<\/p>\n","protected":false},"author":3,"featured_media":33703,"comment_status":"closed","ping_status":"open","sticky":false,"template":"","format":"standard","meta":{"_jetpack_memberships_contains_paid_content":false,"footnotes":""},"categories":[4],"tags":[],"jetpack_sharing_enabled":true,"jetpack_featured_media_url":"https:\/\/www.salgadonoticias.com\/wp-content\/uploads\/2025\/12\/firmas.jpg","_links":{"self":[{"href":"https:\/\/www.salgadonoticias.com\/index.php?rest_route=\/wp\/v2\/posts\/33700"}],"collection":[{"href":"https:\/\/www.salgadonoticias.com\/index.php?rest_route=\/wp\/v2\/posts"}],"about":[{"href":"https:\/\/www.salgadonoticias.com\/index.php?rest_route=\/wp\/v2\/types\/post"}],"author":[{"embeddable":true,"href":"https:\/\/www.salgadonoticias.com\/index.php?rest_route=\/wp\/v2\/users\/3"}],"replies":[{"embeddable":true,"href":"https:\/\/www.salgadonoticias.com\/index.php?rest_route=%2Fwp%2Fv2%2Fcomments&post=33700"}],"version-history":[{"count":3,"href":"https:\/\/www.salgadonoticias.com\/index.php?rest_route=\/wp\/v2\/posts\/33700\/revisions"}],"predecessor-version":[{"id":33705,"href":"https:\/\/www.salgadonoticias.com\/index.php?rest_route=\/wp\/v2\/posts\/33700\/revisions\/33705"}],"wp:featuredmedia":[{"embeddable":true,"href":"https:\/\/www.salgadonoticias.com\/index.php?rest_route=\/wp\/v2\/media\/33703"}],"wp:attachment":[{"href":"https:\/\/www.salgadonoticias.com\/index.php?rest_route=%2Fwp%2Fv2%2Fmedia&parent=33700"}],"wp:term":[{"taxonomy":"category","embeddable":true,"href":"https:\/\/www.salgadonoticias.com\/index.php?rest_route=%2Fwp%2Fv2%2Fcategories&post=33700"},{"taxonomy":"post_tag","embeddable":true,"href":"https:\/\/www.salgadonoticias.com\/index.php?rest_route=%2Fwp%2Fv2%2Ftags&post=33700"}],"curies":[{"name":"wp","href":"https:\/\/api.w.org\/{rel}","templated":true}]}}