{"id":33744,"date":"2026-01-08T00:41:00","date_gmt":"2026-01-08T06:41:00","guid":{"rendered":"https:\/\/www.salgadonoticias.com\/?p=33744"},"modified":"2026-01-04T17:35:32","modified_gmt":"2026-01-04T23:35:32","slug":"33744","status":"publish","type":"post","link":"https:\/\/www.salgadonoticias.com\/?p=33744","title":{"rendered":"Inter\u00e9s SUSPENSIONAL de ESCUELAS para suspensi\u00f3n provisional contra lineamientos de alimentos y vida saludable..\u2026!!!"},"content":{"rendered":"<p>Views: 0<\/p>\n<p>.<\/p>\n\n\n\n<p>Este <strong>ANTEDECENTE<\/strong><\/p>\n\n\n\n<p><mark style=\"background-color:rgba(0, 0, 0, 0);color:#056642\" class=\"has-inline-color\"><strong>Surge <\/strong><\/mark><mark style=\"background-color:rgba(0, 0, 0, 0)\" class=\"has-inline-color has-black-color\">luego de que,<\/mark><mark style=\"background-color:rgba(0, 0, 0, 0);color:#056642\" class=\"has-inline-color\"> <strong>Tribunales Colegiados de Circuito<\/strong><\/mark><mark style=\"background-color:rgba(0, 0, 0, 0)\" class=\"has-inline-color has-black-color\"> <em><u>sostuvieron<\/u><\/em><\/mark><mark style=\"background-color:rgba(0, 0, 0, 0);color:#056642\" class=\"has-inline-color\"> <strong>criterios contradictorios<\/strong> <\/mark><mark style=\"background-color:rgba(0, 0, 0, 0)\" class=\"has-inline-color has-black-color\">al analizar si<\/mark><mark style=\"background-color:rgba(0, 0, 0, 0);color:#056642\" class=\"has-inline-color\"> <strong>personas MORALES<\/strong> <\/mark><mark style=\"background-color:rgba(0, 0, 0, 0)\" class=\"has-inline-color has-black-color\">dedicadas a la<\/mark><mark style=\"background-color:rgba(0, 0, 0, 0);color:#056642\" class=\"has-inline-color\"> <strong>prestaci\u00f3n de servicios educativos<\/strong> <\/mark><mark style=\"background-color:rgba(0, 0, 0, 0)\" class=\"has-inline-color has-black-color\">tienen<\/mark><mark style=\"background-color:rgba(0, 0, 0, 0);color:#056642\" class=\"has-inline-color\"> <strong>inter\u00e9s jur\u00eddico<\/strong> <\/mark><mark style=\"background-color:rgba(0, 0, 0, 0)\" class=\"has-inline-color has-black-color\">para <em><u>solicitar<\/u><\/em> la <\/mark><mark style=\"background-color:rgba(0, 0, 0, 0);color:#056642\" class=\"has-inline-color\"><strong>suspensi\u00f3n provisional<\/strong> <\/mark><mark style=\"background-color:rgba(0, 0, 0, 0)\" class=\"has-inline-color has-black-color\">contra el<\/mark><mark style=\"background-color:rgba(0, 0, 0, 0);color:#056642\" class=\"has-inline-color\"> <strong>Acuerdo<\/strong> <\/mark><mark style=\"background-color:rgba(0, 0, 0, 0)\" class=\"has-inline-color has-black-color\">que <em><u>establece<\/u><\/em> los<\/mark><mark style=\"background-color:rgba(0, 0, 0, 0);color:#056642\" class=\"has-inline-color\"> <strong>Lineamientos generales<\/strong> <\/mark><mark style=\"background-color:rgba(0, 0, 0, 0)\" class=\"has-inline-color has-black-color\">sobre la<\/mark><mark style=\"background-color:rgba(0, 0, 0, 0);color:#056642\" class=\"has-inline-color\"> <strong>preparaci\u00f3n, distribuci\u00f3n y expendio de alimentos y bebidas<\/strong>, <\/mark><mark style=\"background-color:rgba(0, 0, 0, 0)\" class=\"has-inline-color has-black-color\">as\u00ed como el<\/mark><mark style=\"background-color:rgba(0, 0, 0, 0);color:#056642\" class=\"has-inline-color\"> <strong>fomento de estilos de vida saludables<\/strong> <\/mark><mark style=\"background-color:rgba(0, 0, 0, 0)\" class=\"has-inline-color has-black-color\">en toda <\/mark><mark style=\"background-color:rgba(0, 0, 0, 0);color:#056642\" class=\"has-inline-color\"><strong>escuela del Sistema Educativo Nacional<\/strong>,<\/mark><mark style=\"background-color:rgba(0, 0, 0, 0)\" class=\"has-inline-color has-black-color\"> publicado en el <\/mark><mark style=\"background-color:rgba(0, 0, 0, 0);color:#056642\" class=\"has-inline-color\"><strong>Diario Oficial <\/strong>el <strong>30 de septiembre de 2024<\/strong>.<\/mark><\/p>\n\n\n\n<p>.<\/p>\n\n\n\n<p>La\u00a0<strong><mark style=\"background-color:rgba(0, 0, 0, 0);color:#2d04a2\" class=\"has-inline-color\">Suprema Corte de Justicia<\/mark><\/strong>, ante lo anterior <strong><mark style=\"background-color:rgba(0, 0, 0, 0);color:#990101\" class=\"has-inline-color\">DETERMIN\u00d3<\/mark> <\/strong>que las<strong> <\/strong><mark style=\"background-color:#c8f7a5\" class=\"has-inline-color\"><strong>ESCUELAS<\/strong> e <strong>INSTITUCIONES<\/strong> que acrediten <strong>Servicios Educativos<\/strong> y <em><u>pertenezcan<\/u><\/em> al <strong>Sistema Educativo Nacional<\/strong> TIENEN <strong>inter\u00e9s suspensional<\/strong> <em><u>(jur\u00eddico)<\/u><\/em> para solicitar la <strong>suspensi\u00f3n provisional<\/strong> contra el <strong>acuerdo referido<\/strong>.<\/mark><\/p>\n\n\n\n<p><strong>.<\/strong><\/p>\n\n\n\n<p>La <mark style=\"background-color:rgba(0, 0, 0, 0);color:#b1026d\" class=\"has-inline-color\"><strong>justificaci\u00f3n <\/strong><\/mark><mark style=\"background-color:rgba(0, 0, 0, 0)\" class=\"has-inline-color has-black-color\">de la <strong>SCJN<\/strong> es que, <\/mark><mark style=\"background-color:rgba(0, 0, 0, 0);color:#b1026d\" class=\"has-inline-color\"><strong>conforme al art 131 de la Ley de Amparo<\/strong>, <\/mark><mark style=\"background-color:rgba(0, 0, 0, 0)\" class=\"has-inline-color has-black-color\">cuando la <em><u>parte quejosa alega<\/u><\/em><\/mark><mark style=\"background-color:rgba(0, 0, 0, 0);color:#b1026d\" class=\"has-inline-color\"> <strong>inter\u00e9s leg\u00edtimo<\/strong>, <\/mark><mark style=\"background-color:rgba(0, 0, 0, 0)\" class=\"has-inline-color has-black-color\">basta con<\/mark><mark style=\"background-color:rgba(0, 0, 0, 0);color:#b1026d\" class=\"has-inline-color\"> <strong>solicitar la medida cautelar<\/strong> <\/mark><mark style=\"background-color:rgba(0, 0, 0, 0)\" class=\"has-inline-color has-black-color\">y <em><u>demostrar<\/u><\/em><\/mark><mark style=\"background-color:rgba(0, 0, 0, 0);color:#b1026d\" class=\"has-inline-color\"> <strong>indiciariamente<\/strong> <\/mark><mark style=\"background-color:rgba(0, 0, 0, 0)\" class=\"has-inline-color has-black-color\">que el <\/mark><mark style=\"background-color:rgba(0, 0, 0, 0);color:#b1026d\" class=\"has-inline-color\"><strong>acto reclamado<\/strong> <\/mark><mark style=\"background-color:rgba(0, 0, 0, 0)\" class=\"has-inline-color has-black-color\">causa un <\/mark><mark style=\"background-color:rgba(0, 0, 0, 0);color:#b1026d\" class=\"has-inline-color\"><strong>da\u00f1o inminente e irreparable<\/strong>. <\/mark><mark style=\"background-color:rgba(0, 0, 0, 0)\" class=\"has-inline-color has-black-color\">En ese sentido, si en un<\/mark><mark style=\"background-color:rgba(0, 0, 0, 0);color:#b1026d\" class=\"has-inline-color\"> <strong>juicio de amparo indirecto<\/strong> <\/mark><mark style=\"background-color:rgba(0, 0, 0, 0)\" class=\"has-inline-color has-black-color\">una<\/mark><mark style=\"background-color:rgba(0, 0, 0, 0);color:#b1026d\" class=\"has-inline-color\"> <strong>escuela<\/strong> <\/mark><mark style=\"background-color:rgba(0, 0, 0, 0)\" class=\"has-inline-color has-black-color\">o<\/mark><mark style=\"background-color:rgba(0, 0, 0, 0);color:#b1026d\" class=\"has-inline-color\"> <strong>instituci\u00f3n educativa<\/strong> <\/mark><mark style=\"background-color:rgba(0, 0, 0, 0)\" class=\"has-inline-color has-black-color\">que <em><u>acredite<\/u><\/em><\/mark><mark style=\"background-color:rgba(0, 0, 0, 0);color:#b1026d\" class=\"has-inline-color\"> <strong>servicios educativos<\/strong> <\/mark><mark style=\"background-color:rgba(0, 0, 0, 0)\" class=\"has-inline-color has-black-color\">y <em><u>pertenezca<\/u><\/em> al<\/mark><mark style=\"background-color:rgba(0, 0, 0, 0);color:#b1026d\" class=\"has-inline-color\"> <strong>Sistema Educativo Nacional<\/strong><\/mark><mark style=\"background-color:rgba(0, 0, 0, 0)\" class=\"has-inline-color has-black-color\"> <em><u>solicita<\/u><\/em> la<\/mark><mark style=\"background-color:rgba(0, 0, 0, 0);color:#b1026d\" class=\"has-inline-color\"> <strong>suspensi\u00f3n provisional<\/strong> <\/mark><mark style=\"background-color:rgba(0, 0, 0, 0)\" class=\"has-inline-color has-black-color\"><em><u>contra<\/u><\/em> el<\/mark><mark style=\"background-color:rgba(0, 0, 0, 0);color:#b1026d\" class=\"has-inline-color\"> <strong>Acuerdo de Lineamientos Generales<\/strong><\/mark><mark style=\"background-color:rgba(0, 0, 0, 0)\" class=\"has-inline-color has-black-color\"> sobre<\/mark><mark style=\"background-color:rgba(0, 0, 0, 0);color:#b1026d\" class=\"has-inline-color\"> <strong>alimentaci\u00f3n saludable<\/strong>,<\/mark><mark style=\"background-color:rgba(0, 0, 0, 0)\" class=\"has-inline-color has-black-color\"> y <em><u>acredita<\/u><\/em><\/mark><mark style=\"background-color:rgba(0, 0, 0, 0);color:#b1026d\" class=\"has-inline-color\"> <strong>agravio indiciario<\/strong>, <\/mark><mark style=\"background-color:rgba(0, 0, 0, 0)\" class=\"has-inline-color has-black-color\">tiene<\/mark><mark style=\"background-color:rgba(0, 0, 0, 0);color:#b1026d\" class=\"has-inline-color\"> <strong>inter\u00e9s para solicitar la suspensi\u00f3n<\/strong>,<\/mark><mark style=\"background-color:rgba(0, 0, 0, 0)\" class=\"has-inline-color has-black-color\"> pues el <\/mark><mark style=\"background-color:rgba(0, 0, 0, 0);color:#b1026d\" class=\"has-inline-color\"><strong>ordenamiento<\/strong> <\/mark><mark style=\"background-color:rgba(0, 0, 0, 0)\" class=\"has-inline-color has-black-color\"><em><u>impone<\/u><\/em> <\/mark><mark style=\"background-color:rgba(0, 0, 0, 0);color:#b1026d\" class=\"has-inline-color\"><strong>obligaciones<\/strong> <\/mark><mark style=\"background-color:rgba(0, 0, 0, 0)\" class=\"has-inline-color has-black-color\">y <em><u>posibles<\/u><\/em><\/mark><mark style=\"background-color:rgba(0, 0, 0, 0);color:#b1026d\" class=\"has-inline-color\"> <strong>sanciones<\/strong><\/mark> a dichas escuelas.<\/p>\n\n\n\n<p>.<\/p>\n\n\n\n<p>Estas <strong><mark style=\"background-color:#eebf9d\" class=\"has-inline-color has-black-color\">RESOLUCI\u00d3N<\/mark> <\/strong>es de <strong>aplicaci\u00f3n<\/strong> <strong><mark style=\"background-color:rgba(0, 0, 0, 0);color:#9c0303\" class=\"has-inline-color\">OBLIGATORIA<\/mark> <\/strong>en todo el pa\u00eds a partir de esta semana.<\/p>\n\n\n\n<p><strong><mark style=\"background-color:rgba(0, 0, 0, 0)\" class=\"has-inline-color has-luminous-vivid-orange-color\">Jurisprudencia COM\u00daN<\/mark><\/strong><\/p>\n\n\n\n<p class=\"has-small-font-size\"><strong>Registro digital<\/strong>: &nbsp;2031616<\/p>\n\n\n\n<p>.<\/p>\n\n\n\n<p class=\"wp-embed-aspect-16-9 wp-has-aspect-ratio\">Si estas en el <strong><mark style=\"background-color:rgba(0, 0, 0, 0)\" class=\"has-inline-color has-vivid-red-color\">Extranjero <\/mark><\/strong>nosotros somos tu <strong><mark style=\"background-color:rgba(0, 0, 0, 0)\" class=\"has-inline-color has-vivid-green-cyan-color\">mejor<\/mark><\/strong> alternativa para <strong><mark style=\"background-color:rgba(0, 0, 0, 0)\" class=\"has-inline-color has-luminous-vivid-orange-color\">velar<\/mark><\/strong> por tus <strong><mark style=\"background-color:rgba(0, 0, 0, 0)\" class=\"has-inline-color has-vivid-cyan-blue-color\">intereses<\/mark><\/strong>, escr\u00edbenos o ll\u00e1manos al Tel <strong>55581-11311<\/strong>.<\/p>\n\n\n\n<p class=\"wp-embed-aspect-16-9 wp-has-aspect-ratio\">.<\/p>\n\n\n\n<p class=\"wp-embed-aspect-16-9 wp-has-aspect-ratio\">Cuando<strong> necesites<\/strong> ayuda, <strong>asistencia<\/strong> o <strong>planeaci\u00f3n<\/strong> legal, <strong>solicita<\/strong> <strong>Cita Privada<\/strong> <a href=\"mailto:bi@sm99.mx\" target=\"_blank\" rel=\"noreferrer noopener\"><strong>Aqu\u00ed<\/strong><\/a><\/p>\n\n\n\n<p class=\"wp-embed-aspect-16-9 wp-has-aspect-ratio\">La informaci\u00f3n que AQU\u00cd te presentamos <strong>deriva<\/strong> de los <strong>Peri\u00f3dicos Oficiales <\/strong>de la<strong> CdMx<\/strong>, <strong>Estado<\/strong> de Mex., Diario <strong>Oficial<\/strong> de la Federaci\u00f3n, Suprema Corte de<strong> Justicia<\/strong> de la Naci\u00f3n, por lo tanto es de <strong>aplicaci\u00f3n OBLIGATORIA<\/strong>.<\/p>\n","protected":false},"excerpt":{"rendered":"<p>Views: 0 . Este ANTEDECENTE Surge luego de que, Tribunales Colegiados de Circuito sostuvieron criterios contradictorios al analizar si personas MORALES dedicadas a la prestaci\u00f3n de servicios educativos tienen inter\u00e9s jur\u00eddico para solicitar la suspensi\u00f3n provisional contra el Acuerdo que establece los Lineamientos generales sobre la preparaci\u00f3n, distribuci\u00f3n y expendio de alimentos y bebidas, as\u00ed [&hellip;]<\/p>\n","protected":false},"author":3,"featured_media":33767,"comment_status":"closed","ping_status":"open","sticky":false,"template":"","format":"standard","meta":{"_jetpack_memberships_contains_paid_content":false,"footnotes":""},"categories":[4],"tags":[],"jetpack_sharing_enabled":true,"jetpack_featured_media_url":"https:\/\/www.salgadonoticias.com\/wp-content\/uploads\/2026\/01\/1025970_Alimentos-chatarra-afuera-de-Escuelas_web.jpg","_links":{"self":[{"href":"https:\/\/www.salgadonoticias.com\/index.php?rest_route=\/wp\/v2\/posts\/33744"}],"collection":[{"href":"https:\/\/www.salgadonoticias.com\/index.php?rest_route=\/wp\/v2\/posts"}],"about":[{"href":"https:\/\/www.salgadonoticias.com\/index.php?rest_route=\/wp\/v2\/types\/post"}],"author":[{"embeddable":true,"href":"https:\/\/www.salgadonoticias.com\/index.php?rest_route=\/wp\/v2\/users\/3"}],"replies":[{"embeddable":true,"href":"https:\/\/www.salgadonoticias.com\/index.php?rest_route=%2Fwp%2Fv2%2Fcomments&post=33744"}],"version-history":[{"count":2,"href":"https:\/\/www.salgadonoticias.com\/index.php?rest_route=\/wp\/v2\/posts\/33744\/revisions"}],"predecessor-version":[{"id":33768,"href":"https:\/\/www.salgadonoticias.com\/index.php?rest_route=\/wp\/v2\/posts\/33744\/revisions\/33768"}],"wp:featuredmedia":[{"embeddable":true,"href":"https:\/\/www.salgadonoticias.com\/index.php?rest_route=\/wp\/v2\/media\/33767"}],"wp:attachment":[{"href":"https:\/\/www.salgadonoticias.com\/index.php?rest_route=%2Fwp%2Fv2%2Fmedia&parent=33744"}],"wp:term":[{"taxonomy":"category","embeddable":true,"href":"https:\/\/www.salgadonoticias.com\/index.php?rest_route=%2Fwp%2Fv2%2Fcategories&post=33744"},{"taxonomy":"post_tag","embeddable":true,"href":"https:\/\/www.salgadonoticias.com\/index.php?rest_route=%2Fwp%2Fv2%2Ftags&post=33744"}],"curies":[{"name":"wp","href":"https:\/\/api.w.org\/{rel}","templated":true}]}}