{"id":33775,"date":"2026-01-12T00:39:00","date_gmt":"2026-01-12T06:39:00","guid":{"rendered":"https:\/\/www.salgadonoticias.com\/?p=33775"},"modified":"2026-01-12T11:50:52","modified_gmt":"2026-01-12T17:50:52","slug":"uso-etico-de-ia-en-procesos-jurisdiccionales-principios-con-perspectiva-de-derechos-humanos","status":"publish","type":"post","link":"https:\/\/www.salgadonoticias.com\/?p=33775","title":{"rendered":"Uso \u00c9tico de IA en Procesos Jurisdiccionales: Principios con Perspectiva de Derechos Humanos..\u2026!!!"},"content":{"rendered":"<p>Views: 1<\/p>\n<p>.<\/p>\n\n\n\n<p>Este <strong>ANTEDECENTE<\/strong><\/p>\n\n\n\n<p><mark style=\"background-color:rgba(0, 0, 0, 0);color:#02751b\" class=\"has-inline-color\"><strong>Surge <\/strong><\/mark><mark style=\"background-color:rgba(0, 0, 0, 0)\" class=\"has-inline-color has-black-color\">despu\u00e9s de que,<\/mark><mark style=\"background-color:rgba(0, 0, 0, 0);color:#02751b\" class=\"has-inline-color\"> <strong>en diversos recursos de queja<\/strong> y <strong>revisi\u00f3n<\/strong> por <strong>incidentes de suspensi\u00f3n<\/strong><\/mark><mark style=\"background-color:rgba(0, 0, 0, 0)\" class=\"has-inline-color has-black-color\"> contra decisiones de<\/mark><mark style=\"background-color:rgba(0, 0, 0, 0);color:#02751b\" class=\"has-inline-color\"> <strong>Juzgados de Distrito<\/strong> en <strong>amparo indirecto<\/strong>,<\/mark><mark style=\"background-color:rgba(0, 0, 0, 0)\" class=\"has-inline-color has-black-color\"> este <em><u>Tribunal Colegiado de Circuito<\/u><\/em><\/mark><mark style=\"background-color:rgba(0, 0, 0, 0);color:#02751b\" class=\"has-inline-color\"> <strong>UTILIZ\u00d3<\/strong> <\/mark><mark style=\"background-color:rgba(0, 0, 0, 0)\" class=\"has-inline-color has-black-color\">herramientas de<\/mark><mark style=\"background-color:rgba(0, 0, 0, 0);color:#02751b\" class=\"has-inline-color\"><strong> Inteligencia Artificial<\/strong> para <strong>calcular el monto de una garant\u00eda<\/strong>. <\/mark><mark style=\"background-color:rgba(0, 0, 0, 0)\" class=\"has-inline-color has-black-color\">Al ser una<\/mark><mark style=\"background-color:rgba(0, 0, 0, 0);color:#02751b\" class=\"has-inline-color\"> <strong>pr\u00e1ctica innovadora<\/strong> en <strong>procesos jurisdiccionales<\/strong>,<\/mark><mark style=\"background-color:rgba(0, 0, 0, 0)\" class=\"has-inline-color has-black-color\"> se consider\u00f3 necesario, mediante un<\/mark><mark style=\"background-color:rgba(0, 0, 0, 0);color:#02751b\" class=\"has-inline-color\"> <strong>ejercicio de autocontenci\u00f3n<\/strong><\/mark><mark style=\"background-color:rgba(0, 0, 0, 0)\" class=\"has-inline-color has-black-color\">, DEFINIR<\/mark><mark style=\"background-color:rgba(0, 0, 0, 0);color:#02751b\" class=\"has-inline-color\"> <strong>par\u00e1metros<\/strong> <\/mark><mark style=\"background-color:rgba(0, 0, 0, 0)\" class=\"has-inline-color has-black-color\">para la<\/mark><mark style=\"background-color:rgba(0, 0, 0, 0);color:#02751b\" class=\"has-inline-color\"> <strong>aplicaci\u00f3n \u00e9tica y responsable<\/strong><\/mark><mark style=\"background-color:rgba(0, 0, 0, 0)\" class=\"has-inline-color has-black-color\"> de la<\/mark><mark style=\"background-color:rgba(0, 0, 0, 0);color:#02751b\" class=\"has-inline-color\"> <strong>inteligencia artificial<\/strong>.<\/mark><\/p>\n\n\n\n<p>.<\/p>\n\n\n\n<p>La<mark style=\"background-color:rgba(0, 0, 0, 0);color:#0f019b\" class=\"has-inline-color\">\u00a0<strong>Suprema Corte de Justicia<\/strong><\/mark>, ante lo anterior <strong><mark style=\"background-color:rgba(0, 0, 0, 0);color:#770101\" class=\"has-inline-color\">DETERMIN\u00d3<\/mark> <\/strong>que la <mark style=\"background-color:#e4fa47\" class=\"has-inline-color\"><strong>inteligencia artificial<\/strong> en <strong>procesos jurisdiccionales<\/strong> DEBE <em><u>aplicarse<\/u><\/em> con <strong>perspectiva de derechos humanos<\/strong>, de forma <strong>\u00e9tica<\/strong> y <strong>responsable<\/strong>, observando los siguientes principios:<\/mark><\/p>\n\n\n\n<p><mark style=\"background-color:rgba(0, 0, 0, 0);color:#717c03\" class=\"has-inline-color\">a) <strong>Proporcionalidad e Inocuidad<\/strong>; <\/mark><\/p>\n\n\n\n<p><mark style=\"background-color:rgba(0, 0, 0, 0);color:#717c03\" class=\"has-inline-color\">b) <strong>Protecci\u00f3n de datos personales<\/strong>; <\/mark><\/p>\n\n\n\n<p><mark style=\"background-color:rgba(0, 0, 0, 0);color:#717c03\" class=\"has-inline-color\">c) <strong>Transparencia y explicabilidad<\/strong>;<\/mark><\/p>\n\n\n\n<p><mark style=\"background-color:rgba(0, 0, 0, 0);color:#717c03\" class=\"has-inline-color\"> d) <strong>Supervisi\u00f3n y decisi\u00f3n humanas<\/strong>.<\/mark><\/p>\n\n\n\n<p><strong>.<\/strong><\/p>\n\n\n\n<p>La <mark style=\"background-color:rgba(0, 0, 0, 0);color:#c35202\" class=\"has-inline-color\"><strong>justificaci\u00f3n<\/strong><\/mark><mark style=\"background-color:rgba(0, 0, 0, 0)\" class=\"has-inline-color has-black-color\"><strong> <\/strong>de la <\/mark><strong><mark style=\"background-color:rgba(0, 0, 0, 0);color:#2403ab\" class=\"has-inline-color\">SCJN<\/mark><\/strong><mark style=\"background-color:rgba(0, 0, 0, 0)\" class=\"has-inline-color has-black-color\"> es que, ante la <\/mark><mark style=\"background-color:rgba(0, 0, 0, 0);color:#c35202\" class=\"has-inline-color\"><strong>ausencia de regulaci\u00f3n espec\u00edfica<\/strong> <\/mark><mark style=\"background-color:rgba(0, 0, 0, 0)\" class=\"has-inline-color has-black-color\">para el uso de<\/mark><mark style=\"background-color:rgba(0, 0, 0, 0);color:#c35202\" class=\"has-inline-color\"> <strong>inteligencia artificial<\/strong>,<\/mark><mark style=\"background-color:rgba(0, 0, 0, 0)\" class=\"has-inline-color has-black-color\"> las <\/mark><mark style=\"background-color:rgba(0, 0, 0, 0);color:#c35202\" class=\"has-inline-color\"><strong>personas juzgadoras<\/strong> <\/mark><mark style=\"background-color:rgba(0, 0, 0, 0)\" class=\"has-inline-color has-black-color\">deben aplicar<\/mark><mark style=\"background-color:rgba(0, 0, 0, 0);color:#c35202\" class=\"has-inline-color\"> <strong>autocontenci\u00f3n<\/strong> <\/mark><mark style=\"background-color:rgba(0, 0, 0, 0)\" class=\"has-inline-color has-black-color\">y adoptar<\/mark><mark style=\"background-color:rgba(0, 0, 0, 0);color:#c35202\" class=\"has-inline-color\"> <strong>lineamientos responsables<\/strong> <\/mark><mark style=\"background-color:rgba(0, 0, 0, 0)\" class=\"has-inline-color has-black-color\">con<\/mark><mark style=\"background-color:rgba(0, 0, 0, 0);color:#c35202\" class=\"has-inline-color\"> <strong>perspectiva de derechos humanos<\/strong>, <\/mark><mark style=\"background-color:rgba(0, 0, 0, 0)\" class=\"has-inline-color has-black-color\">tomando como referencia normas internacionales como:<\/mark><\/p>\n\n\n\n<ul>\n<li><mark style=\"background-color:rgba(0, 0, 0, 0);color:#d15801\" class=\"has-inline-color\"><strong>Directrices \u00c9ticas<\/strong> para una IA fiable (Comisi\u00f3n Europea), <\/mark><\/li>\n\n\n\n<li><mark style=\"background-color:rgba(0, 0, 0, 0);color:#d15801\" class=\"has-inline-color\"><strong>Reglamento del Parlamento Europeo<\/strong> sobre IA, <\/mark><\/li>\n\n\n\n<li><mark style=\"background-color:rgba(0, 0, 0, 0);color:#d15801\" class=\"has-inline-color\"><strong>Recomendaci\u00f3n sobre \u00e9tica de la IA<\/strong> (UNESCO).<\/mark><\/li>\n<\/ul>\n\n\n\n<p>Por lo que, al usar <strong>IA<\/strong>, deben cumplir con:<\/p>\n\n\n\n<p>a)<mark style=\"background-color:rgba(0, 0, 0, 0);color:#cf5905\" class=\"has-inline-color\"> <strong>proporcionalidad e inocuidad<\/strong>: uso necesario y adecuado, sin sustituir razonamiento jur\u00eddico; <\/mark><\/p>\n\n\n\n<p><mark style=\"background-color:rgba(0, 0, 0, 0)\" class=\"has-inline-color has-black-color\">b)<\/mark><mark style=\"background-color:rgba(0, 0, 0, 0);color:#cf5905\" class=\"has-inline-color\"> <strong>protecci\u00f3n de datos personales<\/strong>: no comprometer informaci\u00f3n del expediente; <\/mark><\/p>\n\n\n\n<p><mark style=\"background-color:rgba(0, 0, 0, 0)\" class=\"has-inline-color has-black-color\">c)<\/mark><mark style=\"background-color:rgba(0, 0, 0, 0);color:#cf5905\" class=\"has-inline-color\"> <strong>transparencia y explicabilidad<\/strong>: informar uso, metodolog\u00eda y datos para permitir auditor\u00eda; <\/mark><\/p>\n\n\n\n<p><mark style=\"background-color:rgba(0, 0, 0, 0)\" class=\"has-inline-color has-black-color\">d) <\/mark><mark style=\"background-color:rgba(0, 0, 0, 0);color:#cf5905\" class=\"has-inline-color\"><strong>supervisi\u00f3n y decisi\u00f3n humanas<\/strong>: la tecnolog\u00eda como auxiliar, no sustituto.<\/mark><\/p>\n\n\n\n<p>.<\/p>\n\n\n\n<p>Estas <strong><mark style=\"background-color:#e2e9ee\" class=\"has-inline-color\">RESOLUCI\u00d3N<\/mark> <\/strong>es de <strong>aplicaci\u00f3n<\/strong> <strong><mark style=\"background-color:rgba(0, 0, 0, 0);color:#920505\" class=\"has-inline-color\">OBLIGATORIA<\/mark> <\/strong>en todo el pa\u00eds a partir de esta semana.<\/p>\n\n\n\n<p><strong><mark style=\"background-color:rgba(0, 0, 0, 0);color:#899daf\" class=\"has-inline-color\">Jurisprudencia COM\u00daN<\/mark><\/strong><\/p>\n\n\n\n<p class=\"has-small-font-size\"><strong>Registro digital<\/strong>: \u00a02031640<\/p>\n\n\n\n<p>.<\/p>\n\n\n\n<p class=\"wp-embed-aspect-16-9 wp-has-aspect-ratio\">Si estas en el <strong><mark style=\"background-color:rgba(0, 0, 0, 0)\" class=\"has-inline-color has-vivid-red-color\">Extranjero <\/mark><\/strong>nosotros somos tu <strong><mark style=\"background-color:rgba(0, 0, 0, 0)\" class=\"has-inline-color has-vivid-green-cyan-color\">mejor<\/mark><\/strong> alternativa para <strong><mark style=\"background-color:rgba(0, 0, 0, 0)\" class=\"has-inline-color has-luminous-vivid-orange-color\">velar<\/mark><\/strong> por tus <strong><mark style=\"background-color:rgba(0, 0, 0, 0)\" class=\"has-inline-color has-vivid-cyan-blue-color\">intereses<\/mark><\/strong>, escr\u00edbenos o ll\u00e1manos al Tel <strong>55581-11311<\/strong>.<\/p>\n\n\n\n<p class=\"wp-embed-aspect-16-9 wp-has-aspect-ratio\">.<\/p>\n\n\n\n<p class=\"wp-embed-aspect-16-9 wp-has-aspect-ratio\">Cuando<strong> necesites<\/strong> ayuda, <strong>asistencia<\/strong> o <strong>planeaci\u00f3n<\/strong> legal, <strong>solicita<\/strong> <strong>Cita Privada<\/strong> <a href=\"mailto:bi@sm99.mx\" target=\"_blank\" rel=\"noreferrer noopener\"><strong>Aqu\u00ed<\/strong><\/a><\/p>\n\n\n\n<p class=\"wp-embed-aspect-16-9 wp-has-aspect-ratio\">La informaci\u00f3n que AQU\u00cd te presentamos <strong>deriva<\/strong> de los <strong>Peri\u00f3dicos Oficiales <\/strong>de la<strong> CdMx<\/strong>, <strong>Estado<\/strong> de Mex., Diario <strong>Oficial<\/strong> de la Federaci\u00f3n, Suprema Corte de<strong> Justicia<\/strong> de la Naci\u00f3n, por lo tanto es de <strong>aplicaci\u00f3n OBLIGATORIA<\/strong>.<\/p>\n","protected":false},"excerpt":{"rendered":"<p>Views: 1 . Este ANTEDECENTE Surge despu\u00e9s de que, en diversos recursos de queja y revisi\u00f3n por incidentes de suspensi\u00f3n contra decisiones de Juzgados de Distrito en amparo indirecto, este Tribunal Colegiado de Circuito UTILIZ\u00d3 herramientas de Inteligencia Artificial para calcular el monto de una garant\u00eda. Al ser una pr\u00e1ctica innovadora en procesos jurisdiccionales, se [&hellip;]<\/p>\n","protected":false},"author":3,"featured_media":33780,"comment_status":"closed","ping_status":"open","sticky":false,"template":"","format":"standard","meta":{"_jetpack_memberships_contains_paid_content":false,"footnotes":""},"categories":[4],"tags":[],"jetpack_sharing_enabled":true,"jetpack_featured_media_url":"https:\/\/www.salgadonoticias.com\/wp-content\/uploads\/2026\/01\/250303-aca9-des-f1-Reflexionan-sobre-uso-de-IA-en-sistemas-legales-1024x576-1.jpg","_links":{"self":[{"href":"https:\/\/www.salgadonoticias.com\/index.php?rest_route=\/wp\/v2\/posts\/33775"}],"collection":[{"href":"https:\/\/www.salgadonoticias.com\/index.php?rest_route=\/wp\/v2\/posts"}],"about":[{"href":"https:\/\/www.salgadonoticias.com\/index.php?rest_route=\/wp\/v2\/types\/post"}],"author":[{"embeddable":true,"href":"https:\/\/www.salgadonoticias.com\/index.php?rest_route=\/wp\/v2\/users\/3"}],"replies":[{"embeddable":true,"href":"https:\/\/www.salgadonoticias.com\/index.php?rest_route=%2Fwp%2Fv2%2Fcomments&post=33775"}],"version-history":[{"count":2,"href":"https:\/\/www.salgadonoticias.com\/index.php?rest_route=\/wp\/v2\/posts\/33775\/revisions"}],"predecessor-version":[{"id":33778,"href":"https:\/\/www.salgadonoticias.com\/index.php?rest_route=\/wp\/v2\/posts\/33775\/revisions\/33778"}],"wp:featuredmedia":[{"embeddable":true,"href":"https:\/\/www.salgadonoticias.com\/index.php?rest_route=\/wp\/v2\/media\/33780"}],"wp:attachment":[{"href":"https:\/\/www.salgadonoticias.com\/index.php?rest_route=%2Fwp%2Fv2%2Fmedia&parent=33775"}],"wp:term":[{"taxonomy":"category","embeddable":true,"href":"https:\/\/www.salgadonoticias.com\/index.php?rest_route=%2Fwp%2Fv2%2Fcategories&post=33775"},{"taxonomy":"post_tag","embeddable":true,"href":"https:\/\/www.salgadonoticias.com\/index.php?rest_route=%2Fwp%2Fv2%2Ftags&post=33775"}],"curies":[{"name":"wp","href":"https:\/\/api.w.org\/{rel}","templated":true}]}}