{"id":34074,"date":"2026-03-09T00:40:00","date_gmt":"2026-03-09T06:40:00","guid":{"rendered":"https:\/\/www.salgadonoticias.com\/?p=34074"},"modified":"2026-03-09T07:13:18","modified_gmt":"2026-03-09T13:13:18","slug":"libertad-condicionada-la-prohibicion-para-personas-sentenciadas-por-secuestro-no-vulnera-derechos-humanos","status":"publish","type":"post","link":"https:\/\/www.salgadonoticias.com\/?p=34074","title":{"rendered":"Libertad Condicionada: la PROHIBICI\u00d3N para personas Sentenciadas por Secuestro NO vulnera derechos humanos."},"content":{"rendered":"<p>Views: 3<\/p>\n<p>.<\/p>\n\n\n\n<p>Este<mark style=\"background-color:rgba(0, 0, 0, 0);color:#025d0d\" class=\"has-inline-color\"> <strong>ANTEDECENTE<\/strong><\/mark><\/p>\n\n\n\n<p><mark style=\"background-color:rgba(0, 0, 0, 0);color:#01490a\" class=\"has-inline-color\"><strong>Surge <\/strong><\/mark><mark style=\"background-color:rgba(0, 0, 0, 0)\" class=\"has-inline-color has-black-color\">despu\u00e9s de que, una persona sentenciada por<\/mark><mark style=\"background-color:rgba(0, 0, 0, 0);color:#01490a\" class=\"has-inline-color\"> <strong>secuestro expr\u00e9s<\/strong> <\/mark><mark style=\"background-color:rgba(0, 0, 0, 0)\" class=\"has-inline-color has-black-color\">SOLICIT\u00d3 ante el<\/mark><mark style=\"background-color:rgba(0, 0, 0, 0);color:#01490a\" class=\"has-inline-color\"> <strong>Juez de Ejecuci\u00f3n Penal<\/strong> <\/mark><mark style=\"background-color:rgba(0, 0, 0, 0)\" class=\"has-inline-color has-black-color\">el BENEFICIO de<\/mark><mark style=\"background-color:rgba(0, 0, 0, 0);color:#01490a\" class=\"has-inline-color\"> <strong>Libertad Condicionada<\/strong><\/mark><mark style=\"background-color:rgba(0, 0, 0, 0)\" class=\"has-inline-color has-black-color\">, <em><u>petici\u00f3n que fue rechazada<\/u><\/em>. La decisi\u00f3n se confirm\u00f3 en apelaci\u00f3n porque los art\u00edculos <\/mark><mark style=\"background-color:rgba(0, 0, 0, 0);color:#01490a\" class=\"has-inline-color\"><strong>137 de la Ley Nacional de Ejecuci\u00f3n Penal<\/strong> y <strong>19 de la Ley General para Prevenir y Sancionar los Delitos en Materia de Secuestro<\/strong> <\/mark><mark style=\"background-color:rgba(0, 0, 0, 0)\" class=\"has-inline-color has-black-color\">PROH\u00cdBEN OTORGAR ESE BENEFICIO <em><u>a quienes fueron condenados po<\/u><\/em>r<\/mark><mark style=\"background-color:rgba(0, 0, 0, 0);color:#01490a\" class=\"has-inline-color\"> <strong>secuestro<\/strong> <\/mark><mark style=\"background-color:rgba(0, 0, 0, 0)\" class=\"has-inline-color has-black-color\">en cualquier modalidad. Esta persona <em><u>promovi\u00f3<\/u><\/em><\/mark><mark style=\"background-color:rgba(0, 0, 0, 0);color:#01490a\" class=\"has-inline-color\"> <strong>amparo indirecto<\/strong> <\/mark><mark style=\"background-color:rgba(0, 0, 0, 0)\" class=\"has-inline-color has-black-color\">alegando la inconstitucionalidad de dichos art\u00edculos, pero el<\/mark><mark style=\"background-color:rgba(0, 0, 0, 0);color:#01490a\" class=\"has-inline-color\"> <strong>Juez de Distrito<\/strong> <\/mark><mark style=\"background-color:rgba(0, 0, 0, 0)\" class=\"has-inline-color has-black-color\">NEG\u00d3 el amparo. Y al interponer<\/mark><mark style=\"background-color:rgba(0, 0, 0, 0);color:#01490a\" class=\"has-inline-color\"> <strong>recurso de revisi\u00f3n<\/strong>, <\/mark><mark style=\"background-color:rgba(0, 0, 0, 0)\" class=\"has-inline-color has-black-color\">el Tribunal Colegiado concluyo que la<\/mark><mark style=\"background-color:rgba(0, 0, 0, 0);color:#01490a\" class=\"has-inline-color\"> <strong>SCJN<\/strong> <\/mark>deb\u00eda resolver el problema de constitucionalidad.<\/p>\n\n\n\n<p>.<\/p>\n\n\n\n<p>La&nbsp;<strong><mark style=\"background-color:rgba(0, 0, 0, 0);color:#2d0789\" class=\"has-inline-color\">Suprema Corte de Justicia<\/mark><\/strong> ante lo anterior<mark style=\"background-color:rgba(0, 0, 0, 0);color:#a60606\" class=\"has-inline-color\"> <strong>DETERMIN\u00d3<\/strong><\/mark><strong> <\/strong>que, los art\u00edculos en menci\u00f3n <strong><mark style=\"background-color:rgba(0, 0, 0, 0);color:#df0808\" class=\"has-inline-color\">NO VULNERAN<\/mark><\/strong> <mark style=\"background-color:#c4f49a\" class=\"has-inline-color\">los <strong>derechos humanos<\/strong> a la <strong>reinserci\u00f3n social<\/strong>, a la <strong>igualdad y no discriminaci\u00f3n<\/strong>, ni a la <strong>dignidad humana<\/strong>. Esto se debe a que establecen una <strong>distinci\u00f3n justificada y razonable<\/strong> al <em><u>negar beneficios penitenciarios frente a la gravedad<\/u><\/em> del <strong>delito de secuestro<\/strong> y las <strong>consecuencias<\/strong> que este genera.<\/mark><\/p>\n\n\n\n<p><strong>.<\/strong><\/p>\n\n\n\n<p>La<mark style=\"background-color:rgba(0, 0, 0, 0)\" class=\"has-inline-color has-luminous-vivid-orange-color\"> <strong>justificaci\u00f3n <\/strong><\/mark><mark style=\"background-color:rgba(0, 0, 0, 0)\" class=\"has-inline-color has-black-color\">de la <\/mark><mark style=\"background-color:rgba(0, 0, 0, 0)\" class=\"has-inline-color has-luminous-vivid-orange-color\"><strong>SCJN<\/strong> es que, el <strong>Art. 18 de la Constituci\u00f3n<\/strong><\/mark><mark style=\"background-color:rgba(0, 0, 0, 0)\" class=\"has-inline-color has-black-color\"><strong> <\/strong>RECONOCE que los <em><u>requisitos para otorgar beneficios<\/u><\/em> <\/mark><mark style=\"background-color:rgba(0, 0, 0, 0)\" class=\"has-inline-color has-luminous-vivid-orange-color\"><strong>preliberacionales<\/strong> <\/mark><mark style=\"background-color:rgba(0, 0, 0, 0)\" class=\"has-inline-color has-black-color\">forman parte de la <\/mark><mark style=\"background-color:rgba(0, 0, 0, 0)\" class=\"has-inline-color has-luminous-vivid-orange-color\"><strong>facultad de libre configuraci\u00f3n legislativa<\/strong> <\/mark><mark style=\"background-color:rgba(0, 0, 0, 0)\" class=\"has-inline-color has-black-color\">del sistema penitenciario. Este margen permite que la persona legisladora determine <\/mark><mark style=\"background-color:rgba(0, 0, 0, 0)\" class=\"has-inline-color has-luminous-vivid-orange-color\"><strong>en qu\u00e9 casos puede sustituirse la prisi\u00f3n por medidas menos severas<\/strong> <\/mark><mark style=\"background-color:rgba(0, 0, 0, 0)\" class=\"has-inline-color has-black-color\">para <em><u>desincentivar ciertos delitos<\/u><\/em>, FAVORECER la <\/mark><mark style=\"background-color:rgba(0, 0, 0, 0)\" class=\"has-inline-color has-luminous-vivid-orange-color\"><strong>reinserci\u00f3n social<\/strong> <\/mark>y <em><u>evitar la reincidencia<\/u><\/em>.<\/p>\n\n\n\n<p>As\u00ed, al regular beneficios preliberacionales, la legisladora puede <em><u>establecer criterios<\/u><\/em> <mark style=\"background-color:rgba(0, 0, 0, 0)\" class=\"has-inline-color has-luminous-vivid-orange-color\"><strong>estrictos y diferenciados<\/strong>,<\/mark><mark style=\"background-color:rgba(0, 0, 0, 0)\" class=\"has-inline-color has-black-color\"> como ocurre con el delito de<\/mark><mark style=\"background-color:rgba(0, 0, 0, 0)\" class=\"has-inline-color has-luminous-vivid-orange-color\"> <strong>secuestro<\/strong>, <\/mark><mark style=\"background-color:rgba(0, 0, 0, 0)\" class=\"has-inline-color has-black-color\">regulado en el art\u00edculo 137 de la Ley Nacional de Ejecuci\u00f3n Penal y el art\u00edculo 19 de la Ley General para Prevenir y Sancionar los Delitos en Materia de Secuestro. Esta<\/mark><mark style=\"background-color:rgba(0, 0, 0, 0)\" class=\"has-inline-color has-luminous-vivid-orange-color\"> <strong>restricci\u00f3n<\/strong> <strong>no afecta la reinserci\u00f3n socia<\/strong>l, <\/mark><mark style=\"background-color:rgba(0, 0, 0, 0)\" class=\"has-inline-color has-black-color\"><em><u>sino que responde a razones de<\/u><\/em> <\/mark><mark style=\"background-color:rgba(0, 0, 0, 0)\" class=\"has-inline-color has-luminous-vivid-orange-color\"><strong>pol\u00edtica criminal<\/strong>.<\/mark><\/p>\n\n\n\n<p>La <mark style=\"background-color:rgba(0, 0, 0, 0)\" class=\"has-inline-color has-luminous-vivid-orange-color\"><strong>prohibici\u00f3n<\/strong> <\/mark><em><u>a personas sentenciadas por secuestro constituye una<\/u><\/em> <mark style=\"background-color:rgba(0, 0, 0, 0)\" class=\"has-inline-color has-luminous-vivid-orange-color\"><strong>distinci\u00f3n objetiva y razonable<\/strong>, <\/mark><mark style=\"background-color:rgba(0, 0, 0, 0)\" class=\"has-inline-color has-black-color\">basada en las<\/mark><mark style=\"background-color:rgba(0, 0, 0, 0)\" class=\"has-inline-color has-luminous-vivid-orange-color\"> <strong>graves consecuencias jur\u00eddicas, sociales, econ\u00f3micas y culturales<\/strong> <\/mark><mark style=\"background-color:rgba(0, 0, 0, 0)\" class=\"has-inline-color has-black-color\">que dicho <em><u>delito ocasiona a v\u00edctimas y sociedad<\/u><\/em>, por lo que<\/mark><mark style=\"background-color:rgba(0, 0, 0, 0)\" class=\"has-inline-color has-luminous-vivid-orange-color\"> <strong>no vulnera el derecho<\/strong><\/mark><mark style=\"background-color:rgba(0, 0, 0, 0)\" class=\"has-inline-color has-black-color\"> a la<\/mark><mark style=\"background-color:rgba(0, 0, 0, 0)\" class=\"has-inline-color has-luminous-vivid-orange-color\"> <strong>igualdad y no discriminaci\u00f3n<\/strong>.<\/mark><\/p>\n\n\n\n<p>Finalmente, esta limitaci\u00f3n <em><u>no implica un trato<\/u><\/em> <mark style=\"background-color:rgba(0, 0, 0, 0)\" class=\"has-inline-color has-luminous-vivid-orange-color\"><strong>humillante o degradante<\/strong>,<\/mark> pues la <strong><mark style=\"background-color:rgba(0, 0, 0, 0)\" class=\"has-inline-color has-luminous-vivid-orange-color\">dignidad humana<\/mark><\/strong> no depende del acceso a beneficios preliberacionales, sino del respeto a las garant\u00edas constitucionales durante el proceso penal.<\/p>\n\n\n\n<p>.<\/p>\n\n\n\n<p>Estas <strong><mark style=\"background-color:#dec5f6\" class=\"has-inline-color\">RESOLUCI\u00d3N<\/mark> <\/strong>es de <strong>aplicaci\u00f3n <mark style=\"background-color:rgba(0, 0, 0, 0);color:#7c0202\" class=\"has-inline-color\">OBLIGATORIA<\/mark> <\/strong>en todo el pa\u00eds a partir de esta semana.<\/p>\n\n\n\n<p><strong><mark style=\"background-color:rgba(0, 0, 0, 0);color:#8004f4\" class=\"has-inline-color\">Jurisprudencia PENAL<\/mark><\/strong><\/p>\n\n\n\n<p class=\"has-small-font-size\"><strong>Registro digital<\/strong>: \u00a02031822<\/p>\n\n\n\n<p>.<\/p>\n\n\n\n<p>Si estas en el <strong><mark style=\"background-color:rgba(0, 0, 0, 0)\" class=\"has-inline-color has-vivid-red-color\">Extranjero <\/mark><\/strong>nosotros somos tu <strong><mark style=\"background-color:rgba(0, 0, 0, 0)\" class=\"has-inline-color has-vivid-green-cyan-color\">mejor<\/mark><\/strong> alternativa para <strong><mark style=\"background-color:rgba(0, 0, 0, 0)\" class=\"has-inline-color has-luminous-vivid-orange-color\">velar<\/mark><\/strong> por tus <strong><mark style=\"background-color:rgba(0, 0, 0, 0)\" class=\"has-inline-color has-vivid-cyan-blue-color\">intereses<\/mark><\/strong>, escr\u00edbenos o ll\u00e1manos al Tel <strong>55581-11311<\/strong>.<\/p>\n\n\n\n<p>.<\/p>\n\n\n\n<p>Cuando<strong> necesites<\/strong> ayuda, <strong>asistencia<\/strong> o <strong>planeaci\u00f3n<\/strong> legal, <strong>solicita<\/strong> <strong>Cita Privada<\/strong> <a rel=\"noreferrer noopener\" href=\"mailto:bi@sm99.mx\" target=\"_blank\"><strong>Aqu\u00ed<\/strong><\/a><\/p>\n\n\n\n<p>La informaci\u00f3n que AQU\u00cd te presentamos <strong>deriva<\/strong> de los <strong>Peri\u00f3dicos Oficiales <\/strong>de la<strong> CdMx<\/strong>, <strong>Estado<\/strong> de Mex., Diario <strong>Oficial<\/strong> de la Federaci\u00f3n, Suprema Corte de<strong> Justicia<\/strong> de la Naci\u00f3n, por lo tanto es de <strong>aplicaci\u00f3n <\/strong><mark style=\"background-color:rgba(0, 0, 0, 0)\" class=\"has-inline-color has-vivid-red-color\"><strong>Obligatoria<\/strong>.<\/mark><\/p>\n\n\n\n<p id=\"block-d670f748-d45d-4f67-97f3-7b291563797e\">La <strong>informaci\u00f3n<\/strong> de hoy procede de la Suprema Corte de Justicia<\/p>\n\n\n\n<p id=\"block-6ff5b2c7-4ab6-440f-bcd1-435cf5a8fe8b\"><strong><mark style=\"background-color:rgba(0, 0, 0, 0)\" class=\"has-inline-color has-luminous-vivid-orange-color\">Ay\u00fadanos<\/mark><\/strong> para que m\u00e1s personas conozcan esta informaci\u00f3n,<strong> Comp\u00e1rtelo<\/strong> en tus redes sociales<\/p>\n","protected":false},"excerpt":{"rendered":"<p>Views: 3 . Este ANTEDECENTE Surge despu\u00e9s de que, una persona sentenciada por secuestro expr\u00e9s SOLICIT\u00d3 ante el Juez de Ejecuci\u00f3n Penal el BENEFICIO de Libertad Condicionada, petici\u00f3n que fue rechazada. La decisi\u00f3n se confirm\u00f3 en apelaci\u00f3n porque los art\u00edculos 137 de la Ley Nacional de Ejecuci\u00f3n Penal y 19 de la Ley General para [&hellip;]<\/p>\n","protected":false},"author":3,"featured_media":34076,"comment_status":"closed","ping_status":"open","sticky":false,"template":"","format":"standard","meta":{"_jetpack_memberships_contains_paid_content":false,"footnotes":""},"categories":[4],"tags":[],"jetpack_sharing_enabled":true,"jetpack_featured_media_url":"https:\/\/www.salgadonoticias.com\/wp-content\/uploads\/2026\/03\/D1yQB9vWwAAbaUj.jpg","_links":{"self":[{"href":"https:\/\/www.salgadonoticias.com\/index.php?rest_route=\/wp\/v2\/posts\/34074"}],"collection":[{"href":"https:\/\/www.salgadonoticias.com\/index.php?rest_route=\/wp\/v2\/posts"}],"about":[{"href":"https:\/\/www.salgadonoticias.com\/index.php?rest_route=\/wp\/v2\/types\/post"}],"author":[{"embeddable":true,"href":"https:\/\/www.salgadonoticias.com\/index.php?rest_route=\/wp\/v2\/users\/3"}],"replies":[{"embeddable":true,"href":"https:\/\/www.salgadonoticias.com\/index.php?rest_route=%2Fwp%2Fv2%2Fcomments&post=34074"}],"version-history":[{"count":3,"href":"https:\/\/www.salgadonoticias.com\/index.php?rest_route=\/wp\/v2\/posts\/34074\/revisions"}],"predecessor-version":[{"id":34078,"href":"https:\/\/www.salgadonoticias.com\/index.php?rest_route=\/wp\/v2\/posts\/34074\/revisions\/34078"}],"wp:featuredmedia":[{"embeddable":true,"href":"https:\/\/www.salgadonoticias.com\/index.php?rest_route=\/wp\/v2\/media\/34076"}],"wp:attachment":[{"href":"https:\/\/www.salgadonoticias.com\/index.php?rest_route=%2Fwp%2Fv2%2Fmedia&parent=34074"}],"wp:term":[{"taxonomy":"category","embeddable":true,"href":"https:\/\/www.salgadonoticias.com\/index.php?rest_route=%2Fwp%2Fv2%2Fcategories&post=34074"},{"taxonomy":"post_tag","embeddable":true,"href":"https:\/\/www.salgadonoticias.com\/index.php?rest_route=%2Fwp%2Fv2%2Ftags&post=34074"}],"curies":[{"name":"wp","href":"https:\/\/api.w.org\/{rel}","templated":true}]}}