{"id":34079,"date":"2026-03-10T00:14:00","date_gmt":"2026-03-10T06:14:00","guid":{"rendered":"https:\/\/www.salgadonoticias.com\/?p=34079"},"modified":"2026-03-09T07:52:34","modified_gmt":"2026-03-09T13:52:34","slug":"34079","status":"publish","type":"post","link":"https:\/\/www.salgadonoticias.com\/?p=34079","title":{"rendered":"Impedimento en Amparo Indirecto: Inaplicabilidad de Criterios sobre Amistad Estrecha o Enemistad Manifiesta en la Fracc. VIII del Art\u00edculo 51..\u2026!!!"},"content":{"rendered":"<p>Views: 3<\/p>\n<p>.<\/p>\n\n\n\n<p>Este <strong>ANTEDECENTE<\/strong><\/p>\n\n\n\n<p><mark style=\"background-color:rgba(0, 0, 0, 0);color:#02613e\" class=\"has-inline-color\"><strong>Surge<\/strong><\/mark><mark style=\"background-color:rgba(0, 0, 0, 0)\" class=\"has-inline-color has-black-color\"><strong> <\/strong>despu\u00e9s de que, Tribunales Colegiados <\/mark><mark style=\"background-color:rgba(0, 0, 0, 0);color:#02613e\" class=\"has-inline-color\">ANALIZARON <\/mark><mark style=\"background-color:rgba(0, 0, 0, 0)\" class=\"has-inline-color has-black-color\">un <\/mark><mark style=\"background-color:rgba(0, 0, 0, 0);color:#02613e\" class=\"has-inline-color\"><strong>impedimento<\/strong><\/mark><mark style=\"background-color:rgba(0, 0, 0, 0)\" class=\"has-inline-color has-black-color\"> formulado por una <strong>J<\/strong><\/mark><mark style=\"background-color:rgba(0, 0, 0, 0);color:#02613e\" class=\"has-inline-color\"><strong>UEZ de Distrito<\/strong><\/mark><mark style=\"background-color:rgba(0, 0, 0, 0)\" class=\"has-inline-color has-black-color\"> con base en el<\/mark><mark style=\"background-color:rgba(0, 0, 0, 0);color:#02613e\" class=\"has-inline-color\"> <strong>art. 51, fracc. VIII, <\/strong>de la<strong> Ley de Amparo<\/strong>, <\/mark><mark style=\"background-color:rgba(0, 0, 0, 0)\" class=\"has-inline-color has-black-color\">debido a reiteradas <\/mark><mark style=\"background-color:rgba(0, 0, 0, 0);color:#02613e\" class=\"has-inline-color\"><strong>manifestaciones<\/strong> d<\/mark><mark style=\"background-color:rgba(0, 0, 0, 0)\" class=\"has-inline-color has-black-color\">e una de las partes que cuestionaban su actuaci\u00f3n y ped\u00edan dar vista al \u00f3rgano disciplinario. Uno consider\u00f3<\/mark><mark style=\"background-color:rgba(0, 0, 0, 0);color:#02613e\" class=\"has-inline-color\"> <strong>fundado<\/strong> <\/mark><mark style=\"background-color:rgba(0, 0, 0, 0)\" class=\"has-inline-color has-black-color\">el <\/mark><mark style=\"background-color:rgba(0, 0, 0, 0);color:#02613e\" class=\"has-inline-color\"><strong>impedimento<\/strong> <\/mark><mark style=\"background-color:rgba(0, 0, 0, 0)\" class=\"has-inline-color has-black-color\">porque esas conductas pueden afectar la<\/mark><mark style=\"background-color:rgba(0, 0, 0, 0);color:#02613e\" class=\"has-inline-color\"> <strong>objetividad<\/strong> <\/mark><mark style=\"background-color:rgba(0, 0, 0, 0)\" class=\"has-inline-color has-black-color\">de la jueza, apoy\u00e1ndose en la jurisprudencia <\/mark><mark style=\"background-color:rgba(0, 0, 0, 0);color:#02613e\" class=\"has-inline-color\"><strong>2a.\/J. 46\/2011 (10a.)<\/strong> <\/mark><mark style=\"background-color:rgba(0, 0, 0, 0)\" class=\"has-inline-color has-black-color\">sobre <\/mark><mark style=\"background-color:rgba(0, 0, 0, 0);color:#02613e\" class=\"has-inline-color\"><strong>enemistad manifiesta<\/strong>.<\/mark><mark style=\"background-color:rgba(0, 0, 0, 0)\" class=\"has-inline-color has-black-color\"> El otro concluy\u00f3 lo<\/mark><mark style=\"background-color:rgba(0, 0, 0, 0);color:#02613e\" class=\"has-inline-color\"> <strong>contrario<\/strong>, <\/mark><mark style=\"background-color:rgba(0, 0, 0, 0)\" class=\"has-inline-color has-black-color\">considerando que <em><u>no se actualizaba la causal<\/u><\/em> y, en los hechos,<\/mark><mark style=\"background-color:rgba(0, 0, 0, 0);color:#02613e\" class=\"has-inline-color\"> <strong>inaplic\u00f3<\/strong> <\/mark>dicho criterio jurisprudencial.<\/p>\n\n\n\n<p>.<\/p>\n\n\n\n<p>La <strong><mark style=\"background-color:rgba(0, 0, 0, 0);color:#1e0194\" class=\"has-inline-color\">Suprema Corte de Justicia<\/mark> <\/strong>a lo anterior <strong><mark style=\"background-color:rgba(0, 0, 0, 0);color:#800202\" class=\"has-inline-color\">DETERMIN\u00d3<\/mark> <\/strong>que, para <mark style=\"background-color:#f2d993\" class=\"has-inline-color\"><strong>justificar<\/strong> el <strong>impedimento<\/strong> previsto en <em><u>la fracc. VIII del art\u00edculo 51 de la Ley de Amparo<\/u><\/em>, <strong>relacionado<\/strong> con el <strong>riesgo de p\u00e9rdida de imparcialidad<\/strong>, NO APLICAN los <em><u>criterios jurisprudenciales<\/u><\/em> que dan prioridad a la declaraci\u00f3n de la persona juzgadora sobre la existencia de <strong>amistad estrecha<\/strong> o <strong>enemistad manifiesta<\/strong>, establecidos para la <strong>fracc VII<\/strong> del mismo art\u00edculo.<\/mark><\/p>\n\n\n\n<p>.<\/p>\n\n\n\n<p>La <mark style=\"background-color:rgba(0, 0, 0, 0);color:#38026a\" class=\"has-inline-color\"><strong>justificaci\u00f3n<\/strong><\/mark><mark style=\"background-color:rgba(0, 0, 0, 0)\" class=\"has-inline-color has-black-color\"><strong> <\/strong>de la <strong>SCJN<\/strong> es que, Conforme a los<\/mark><mark style=\"background-color:rgba(0, 0, 0, 0);color:#38026a\" class=\"has-inline-color\"> <strong>art\u00edculos 17 y 100 de la Constituci\u00f3n<\/strong>, <\/mark><mark style=\"background-color:rgba(0, 0, 0, 0)\" class=\"has-inline-color has-black-color\">que reconocen el <\/mark><mark style=\"background-color:rgba(0, 0, 0, 0);color:#38026a\" class=\"has-inline-color\"><strong>derecho de acceso a la justicia<\/strong> y la <strong>imparcialidad<\/strong> <\/mark><mark style=\"background-color:rgba(0, 0, 0, 0)\" class=\"has-inline-color has-black-color\">como principio esencial de las <\/mark><mark style=\"background-color:rgba(0, 0, 0, 0);color:#38026a\" class=\"has-inline-color\"><strong>personas juzgadoras<\/strong>,<\/mark><mark style=\"background-color:rgba(0, 0, 0, 0)\" class=\"has-inline-color has-black-color\"> as\u00ed como a la doctrina del Alto Tribunal, los criterios sobre<\/mark><mark style=\"background-color:rgba(0, 0, 0, 0);color:#38026a\" class=\"has-inline-color\"> <strong>impedimento<\/strong> de las <strong>fracciones VII y VIII del art\u00edculo 51 de la Ley de Amparo<\/strong> <\/mark><mark style=\"background-color:rgba(0, 0, 0, 0)\" class=\"has-inline-color has-black-color\">no son intercambiables<\/mark><mark style=\"background-color:rgba(0, 0, 0, 0);color:#38026a\" class=\"has-inline-color\">.<\/mark><\/p>\n\n\n\n<p><mark style=\"background-color:rgba(0, 0, 0, 0);color:#38026a\" class=\"has-inline-color\"><br><\/mark><mark style=\"background-color:rgba(0, 0, 0, 0)\" class=\"has-inline-color has-black-color\">En los casos basados en la<\/mark><mark style=\"background-color:rgba(0, 0, 0, 0);color:#38026a\" class=\"has-inline-color\"> <strong>fracci\u00f3n VIII<\/strong>, <\/mark><mark style=\"background-color:rgba(0, 0, 0, 0)\" class=\"has-inline-color has-black-color\">no aplican los criterios que permiten acreditar el impedimento por <\/mark><mark style=\"background-color:rgba(0, 0, 0, 0);color:#38026a\" class=\"has-inline-color\"><strong>amistad estrecha<\/strong> o <strong>enemistad manifiesta<\/strong> de la <strong>fracci\u00f3n VII<\/strong>, pues se trata de un <strong>supuesto jur\u00eddico distinto<\/strong>. <\/mark><mark style=\"background-color:rgba(0, 0, 0, 0)\" class=\"has-inline-color has-black-color\">Adem\u00e1s, la persona juzgadora act\u00faa bajo principios de<\/mark><mark style=\"background-color:rgba(0, 0, 0, 0);color:#38026a\" class=\"has-inline-color\"> <strong>objetividad, imparcialidad, independencia y profesionalismo<\/strong>,<\/mark><mark style=\"background-color:rgba(0, 0, 0, 0)\" class=\"has-inline-color has-black-color\"> lo que reduce la posibilidad de que manifestaciones hostiles de las partes influyan en su actuaci\u00f3n.<\/mark><\/p>\n\n\n\n<p><mark style=\"background-color:rgba(0, 0, 0, 0);color:#38026a\" class=\"has-inline-color\"><br><\/mark><mark style=\"background-color:rgba(0, 0, 0, 0)\" class=\"has-inline-color has-black-color\">Para calificar un impedimento conforme a la<\/mark><mark style=\"background-color:rgba(0, 0, 0, 0);color:#38026a\" class=\"has-inline-color\"> <strong>fracci\u00f3n VIII<\/strong>, <\/mark><mark style=\"background-color:rgba(0, 0, 0, 0)\" class=\"has-inline-color has-black-color\">debe atenderse a la jurisprudencia<\/mark><mark style=\"background-color:rgba(0, 0, 0, 0);color:#38026a\" class=\"has-inline-color\"> <strong>2a.\/J. 100\/2018 (10a.)<\/strong>, <\/mark><mark style=\"background-color:rgba(0, 0, 0, 0)\" class=\"has-inline-color has-black-color\">que establece que, por regla general, las<\/mark><mark style=\"background-color:rgba(0, 0, 0, 0);color:#38026a\" class=\"has-inline-color\"> <strong>manifestaciones ofensivas<\/strong> <\/mark><mark style=\"background-color:rgba(0, 0, 0, 0)\" class=\"has-inline-color has-black-color\">de las partes <\/mark><mark style=\"background-color:rgba(0, 0, 0, 0);color:#38026a\" class=\"has-inline-color\"><strong>no constituyen un elemento objetivo<\/strong> <\/mark>que genere riesgo de p\u00e9rdida de imparcialidad.<\/p>\n\n\n\n<p>.<\/p>\n\n\n\n<p>Estas <strong><mark style=\"background-color:#f2d5dc\" class=\"has-inline-color\">RESOLUCI\u00d3N<\/mark> <\/strong>es de <strong>aplicaci\u00f3n <mark style=\"background-color:rgba(0, 0, 0, 0);color:#8c0303\" class=\"has-inline-color\">OBLIGATORIA<\/mark> <\/strong>en todo el pa\u00eds a partir de esta semana.<\/p>\n\n\n\n<p><strong><mark style=\"background-color:rgba(0, 0, 0, 0);color:#a94904\" class=\"has-inline-color\">Jurisprudencia COM\u00daN<\/mark><\/strong><\/p>\n\n\n\n<p class=\"has-small-font-size\"><strong>Registro digital<\/strong>: &nbsp;2031834<\/p>\n\n\n\n<p>.<\/p>\n\n\n\n<p>Si estas en el <strong><mark style=\"background-color:rgba(0, 0, 0, 0)\" class=\"has-inline-color has-vivid-red-color\">Extranjero <\/mark><\/strong>nosotros somos tu <strong><mark style=\"background-color:rgba(0, 0, 0, 0)\" class=\"has-inline-color has-vivid-green-cyan-color\">mejor<\/mark><\/strong> alternativa para <strong><mark style=\"background-color:rgba(0, 0, 0, 0)\" class=\"has-inline-color has-luminous-vivid-orange-color\">velar<\/mark><\/strong> por tus <strong><mark style=\"background-color:rgba(0, 0, 0, 0)\" class=\"has-inline-color has-vivid-cyan-blue-color\">intereses<\/mark><\/strong>, escr\u00edbenos o ll\u00e1manos al Tel <strong>55581-11311<\/strong>.<\/p>\n\n\n\n<p>.<\/p>\n\n\n\n<p>Cuando<strong> necesites<\/strong> ayuda, <strong>asistencia<\/strong> o <strong>planeaci\u00f3n<\/strong> legal, <strong>solicita<\/strong> <strong>Cita Privada<\/strong> <a rel=\"noreferrer noopener\" href=\"mailto:bi@sm99.mx\" target=\"_blank\"><strong>Aqu\u00ed<\/strong><\/a><\/p>\n\n\n\n<p>La informaci\u00f3n que AQU\u00cd te presentamos <strong>deriva<\/strong> de los <strong>Peri\u00f3dicos Oficiales <\/strong>de la<strong> CdMx<\/strong>, <strong>Estado<\/strong> de Mex., Diario <strong>Oficial<\/strong> de la Federaci\u00f3n, Suprema Corte de<strong> Justicia<\/strong> de la Naci\u00f3n, por lo tanto es de <strong>aplicaci\u00f3n <\/strong><mark style=\"background-color:rgba(0, 0, 0, 0)\" class=\"has-inline-color has-vivid-red-color\"><strong>Obligatoria<\/strong>.<\/mark><\/p>\n\n\n\n<p id=\"block-d670f748-d45d-4f67-97f3-7b291563797e\">La <strong>informaci\u00f3n<\/strong> de hoy procede de la Suprema Corte de Justicia<\/p>\n\n\n\n<p id=\"block-6ff5b2c7-4ab6-440f-bcd1-435cf5a8fe8b\"><strong><mark style=\"background-color:rgba(0, 0, 0, 0)\" class=\"has-inline-color has-luminous-vivid-orange-color\">Ay\u00fadanos<\/mark><\/strong> para que m\u00e1s personas conozcan esta informaci\u00f3n,<strong> Comp\u00e1rtelo<\/strong> en tus redes sociales<\/p>\n","protected":false},"excerpt":{"rendered":"<p>Views: 3 . Este ANTEDECENTE Surge despu\u00e9s de que, Tribunales Colegiados ANALIZARON un impedimento formulado por una JUEZ de Distrito con base en el art. 51, fracc. VIII, de la Ley de Amparo, debido a reiteradas manifestaciones de una de las partes que cuestionaban su actuaci\u00f3n y ped\u00edan dar vista al \u00f3rgano disciplinario. Uno consider\u00f3 [&hellip;]<\/p>\n","protected":false},"author":3,"featured_media":34086,"comment_status":"closed","ping_status":"open","sticky":false,"template":"","format":"standard","meta":{"_jetpack_memberships_contains_paid_content":false,"footnotes":""},"categories":[4],"tags":[],"jetpack_sharing_enabled":true,"jetpack_featured_media_url":"https:\/\/www.salgadonoticias.com\/wp-content\/uploads\/2026\/03\/thumb_1200_1553.png","_links":{"self":[{"href":"https:\/\/www.salgadonoticias.com\/index.php?rest_route=\/wp\/v2\/posts\/34079"}],"collection":[{"href":"https:\/\/www.salgadonoticias.com\/index.php?rest_route=\/wp\/v2\/posts"}],"about":[{"href":"https:\/\/www.salgadonoticias.com\/index.php?rest_route=\/wp\/v2\/types\/post"}],"author":[{"embeddable":true,"href":"https:\/\/www.salgadonoticias.com\/index.php?rest_route=\/wp\/v2\/users\/3"}],"replies":[{"embeddable":true,"href":"https:\/\/www.salgadonoticias.com\/index.php?rest_route=%2Fwp%2Fv2%2Fcomments&post=34079"}],"version-history":[{"count":4,"href":"https:\/\/www.salgadonoticias.com\/index.php?rest_route=\/wp\/v2\/posts\/34079\/revisions"}],"predecessor-version":[{"id":34087,"href":"https:\/\/www.salgadonoticias.com\/index.php?rest_route=\/wp\/v2\/posts\/34079\/revisions\/34087"}],"wp:featuredmedia":[{"embeddable":true,"href":"https:\/\/www.salgadonoticias.com\/index.php?rest_route=\/wp\/v2\/media\/34086"}],"wp:attachment":[{"href":"https:\/\/www.salgadonoticias.com\/index.php?rest_route=%2Fwp%2Fv2%2Fmedia&parent=34079"}],"wp:term":[{"taxonomy":"category","embeddable":true,"href":"https:\/\/www.salgadonoticias.com\/index.php?rest_route=%2Fwp%2Fv2%2Fcategories&post=34079"},{"taxonomy":"post_tag","embeddable":true,"href":"https:\/\/www.salgadonoticias.com\/index.php?rest_route=%2Fwp%2Fv2%2Ftags&post=34079"}],"curies":[{"name":"wp","href":"https:\/\/api.w.org\/{rel}","templated":true}]}}