{"id":34088,"date":"2026-03-11T00:30:00","date_gmt":"2026-03-11T06:30:00","guid":{"rendered":"https:\/\/www.salgadonoticias.com\/?p=34088"},"modified":"2026-03-10T15:59:44","modified_gmt":"2026-03-10T21:59:44","slug":"34088","status":"publish","type":"post","link":"https:\/\/www.salgadonoticias.com\/?p=34088","title":{"rendered":"Personas Trabajadoras EXTRANJERAS fuera de M\u00e9xico NO deben presentar Constancia del IMSS para RETIRAR sus RECURSOS&#8230;!!!"},"content":{"rendered":"<p>Views: 1<\/p>\n<p>.<\/p>\n\n\n\n<p>Este <strong>ANTEDECENTE<\/strong><\/p>\n\n\n\n<p><mark style=\"background-color:rgba(0, 0, 0, 0);color:#045c14\" class=\"has-inline-color\"><strong>Surge <\/strong><\/mark><mark style=\"background-color:rgba(0, 0, 0, 0)\" class=\"has-inline-color has-black-color\">luego de que, una<\/mark><mark style=\"background-color:rgba(0, 0, 0, 0);color:#045c14\" class=\"has-inline-color\"> <strong>persona trabajadora extranjera<\/strong> <\/mark><mark style=\"background-color:rgba(0, 0, 0, 0)\" class=\"has-inline-color has-black-color\">que <\/mark><mark style=\"background-color:rgba(0, 0, 0, 0);color:#045c14\" class=\"has-inline-color\"><strong>labor\u00f3 en M\u00e9xico<\/strong><\/mark><mark style=\"background-color:rgba(0, 0, 0, 0)\" class=\"has-inline-color has-black-color\"> y luego<\/mark><mark style=\"background-color:rgba(0, 0, 0, 0);color:#045c14\" class=\"has-inline-color\"> <strong>sali\u00f3 del pa\u00eds de forma definitiva<\/strong> <\/mark><mark style=\"background-color:rgba(0, 0, 0, 0)\" class=\"has-inline-color has-black-color\">SOLICIT\u00d3 la <\/mark><mark style=\"background-color:rgba(0, 0, 0, 0);color:#045c14\" class=\"has-inline-color\"><strong>DEVOLUCI\u00d3N <\/strong><\/mark><mark style=\"background-color:rgba(0, 0, 0, 0)\" class=\"has-inline-color has-black-color\">de los<\/mark><mark style=\"background-color:rgba(0, 0, 0, 0);color:#045c14\" class=\"has-inline-color\"><strong> recursos<\/strong> <\/mark><mark style=\"background-color:rgba(0, 0, 0, 0)\" class=\"has-inline-color has-black-color\">de su<\/mark><mark style=\"background-color:rgba(0, 0, 0, 0);color:#045c14\" class=\"has-inline-color\"> <strong>cuenta individual de ahorro para el retiro<\/strong> <\/mark><mark style=\"background-color:rgba(0, 0, 0, 0)\" class=\"has-inline-color has-black-color\">y de la<\/mark><mark style=\"background-color:rgba(0, 0, 0, 0);color:#045c14\" class=\"has-inline-color\"> <strong>subcuenta de vivienda<\/strong>. <\/mark><mark style=\"background-color:rgba(0, 0, 0, 0)\" class=\"has-inline-color has-black-color\">ACLAR\u00d3 que<\/mark><mark style=\"background-color:rgba(0, 0, 0, 0);color:#045c14\" class=\"has-inline-color\"> <strong><u>NO<\/u> buscaba una pensi\u00f3n<\/strong>,<\/mark><mark style=\"background-color:rgba(0, 0, 0, 0)\" class=\"has-inline-color has-black-color\"> pues <\/mark><mark style=\"background-color:rgba(0, 0, 0, 0);color:#045c14\" class=\"has-inline-color\"><strong>ya no resid\u00eda en M\u00e9xico<\/strong> <\/mark><strong><mark style=\"background-color:rgba(0, 0, 0, 0)\" class=\"has-inline-color has-black-color\">ni estaba<\/mark><\/strong><mark style=\"background-color:rgba(0, 0, 0, 0);color:#045c14\" class=\"has-inline-color\"> <strong>afiliada al sistema<\/strong>.<\/mark><mark style=\"background-color:rgba(0, 0, 0, 0)\" class=\"has-inline-color has-black-color\"> El<\/mark><mark style=\"background-color:rgba(0, 0, 0, 0);color:#045c14\" class=\"has-inline-color\"> <strong>Tribunal Laboral<\/strong><\/mark><mark style=\"background-color:rgba(0, 0, 0, 0)\" class=\"has-inline-color has-black-color\"> le pidi\u00f3 la<\/mark><mark style=\"background-color:rgba(0, 0, 0, 0);color:#045c14\" class=\"has-inline-color\"> <strong>constancia de otorgamiento o negativa de pensi\u00f3n del IMSS<\/strong>, <\/mark><mark style=\"background-color:rgba(0, 0, 0, 0)\" class=\"has-inline-color has-black-color\">conforme al<\/mark><mark style=\"background-color:rgba(0, 0, 0, 0);color:#045c14\" class=\"has-inline-color\"> <strong>art. 899-C, fracc. VI, de la Ley Federal del Trabajo,<\/strong> <\/mark><em><u><mark style=\"background-color:rgba(0, 0, 0, 0)\" class=\"has-inline-color has-black-color\">y al no presentarla, tuvo por<\/mark><\/u><\/em><mark style=\"background-color:rgba(0, 0, 0, 0);color:#045c14\" class=\"has-inline-color\"> <strong>no presentada la demanda<\/strong>. <\/mark><mark style=\"background-color:rgba(0, 0, 0, 0)\" class=\"has-inline-color has-black-color\">Ante ello, la persona promovi\u00f3 un<\/mark><mark style=\"background-color:rgba(0, 0, 0, 0);color:#045c14\" class=\"has-inline-color\"> <strong>amparo directo<\/strong>.<\/mark><\/p>\n\n\n\n<p>.<\/p>\n\n\n\n<p>La\u00a0<strong><mark style=\"background-color:rgba(0, 0, 0, 0);color:#180676\" class=\"has-inline-color\">Suprema Corte de Justicia<\/mark><\/strong> ante lo anterior <strong><mark style=\"background-color:rgba(0, 0, 0, 0);color:#840101\" class=\"has-inline-color\">DETERMIN\u00d3<\/mark> <\/strong>que, <mark style=\"background-color:#bcf795\" class=\"has-inline-color\">las <strong>personas trabajadoras extranjeras<\/strong> que <strong>ya no viven en M\u00e9xico<\/strong> y piden la <strong>devoluci\u00f3n de sus recursos<\/strong> de <strong>Afore<\/strong> y <strong>vivienda<\/strong> <strong>no deben presentar<\/strong> la <strong>constancia de pensi\u00f3n del IMSS<\/strong><\/mark><\/p>\n\n\n\n<p><strong>.<\/strong><\/p>\n\n\n\n<p>La <mark style=\"background-color:rgba(0, 0, 0, 0);color:#8c3d05\" class=\"has-inline-color\"><strong>justificaci\u00f3n <\/strong><\/mark><mark style=\"background-color:rgba(0, 0, 0, 0)\" class=\"has-inline-color has-black-color\">de la <\/mark><mark style=\"background-color:rgba(0, 0, 0, 0);color:#8c3d05\" class=\"has-inline-color\"><strong>SCJN<\/strong> <\/mark><mark style=\"background-color:rgba(0, 0, 0, 0)\" class=\"has-inline-color has-black-color\">es que, La<\/mark><mark style=\"background-color:rgba(0, 0, 0, 0);color:#8c3d05\" class=\"has-inline-color\"> <strong>Segunda Sala de la Suprema Corte<\/strong> <\/mark><mark style=\"background-color:rgba(0, 0, 0, 0)\" class=\"has-inline-color has-black-color\">sostuvo que la<\/mark><mark style=\"background-color:rgba(0, 0, 0, 0);color:#8c3d05\" class=\"has-inline-color\"> <strong>constancia de pensi\u00f3n del IMSS<\/strong>, <\/mark><mark style=\"background-color:rgba(0, 0, 0, 0)\" class=\"has-inline-color has-black-color\">prevista en el <\/mark><mark style=\"background-color:rgba(0, 0, 0, 0);color:#8c3d05\" class=\"has-inline-color\"><strong>art\u00edculo 899-C, fracci\u00f3n VI, de la LFT<\/strong>, <\/mark><mark style=\"background-color:rgba(0, 0, 0, 0)\" class=\"has-inline-color has-black-color\">es un<\/mark><mark style=\"background-color:rgba(0, 0, 0, 0);color:#8c3d05\" class=\"has-inline-color\"> <strong>presupuesto de procedibilidad<\/strong> <\/mark><mark style=\"background-color:rgba(0, 0, 0, 0)\" class=\"has-inline-color has-black-color\">en conflictos de <\/mark><mark style=\"background-color:rgba(0, 0, 0, 0);color:#8c3d05\" class=\"has-inline-color\"><strong>seguridad social<\/strong>.<\/mark><mark style=\"background-color:rgba(0, 0, 0, 0)\" class=\"has-inline-color has-black-color\"> Sin embargo, esta regla s\u00f3lo aplica cuando existe un<\/mark><mark style=\"background-color:rgba(0, 0, 0, 0);color:#8c3d05\" class=\"has-inline-color\"> <strong>derecho pensionario evaluable<\/strong>. <\/mark><mark style=\"background-color:rgba(0, 0, 0, 0)\" class=\"has-inline-color has-black-color\">En el caso de una<\/mark><mark style=\"background-color:rgba(0, 0, 0, 0);color:#8c3d05\" class=\"has-inline-color\"> <strong>persona trabajadora extranjera<\/strong> que <strong>ya no reside en M\u00e9xico<\/strong><\/mark><mark style=\"background-color:rgba(0, 0, 0, 0)\" class=\"has-inline-color has-black-color\"> y solicita s\u00f3lo la<\/mark><mark style=\"background-color:rgba(0, 0, 0, 0);color:#8c3d05\" class=\"has-inline-color\"> <strong>devoluci\u00f3n de su cuenta individual<\/strong>, <\/mark>dicha exigencia no procede porque:<\/p>\n\n\n\n<ol start=\"1\">\n<li><mark style=\"background-color:rgba(0, 0, 0, 0);color:#7b3401\" class=\"has-inline-color\"><strong>NO hay un derecho de seguridad social en disputa<\/strong>, <\/mark><mark style=\"background-color:rgba(0, 0, 0, 0)\" class=\"has-inline-color has-black-color\">y<\/mark><\/li>\n\n\n\n<li><mark style=\"background-color:rgba(0, 0, 0, 0)\" class=\"has-inline-color has-black-color\">La<\/mark><mark style=\"background-color:rgba(0, 0, 0, 0);color:#7d3401\" class=\"has-inline-color\"> <strong>devoluci\u00f3n de recursos<\/strong><\/mark><mark style=\"background-color:rgba(0, 0, 0, 0)\" class=\"has-inline-color has-black-color\"> no afecta al sistema al tratarse de una <\/mark><mark style=\"background-color:rgba(0, 0, 0, 0);color:#7d3401\" class=\"has-inline-color\"><strong>cuenta individual e inactiva<\/strong>.<\/mark><\/li>\n<\/ol>\n\n\n\n<p><mark style=\"background-color:rgba(0, 0, 0, 0)\" class=\"has-inline-color has-black-color\">Por ello, la<\/mark><mark style=\"background-color:rgba(0, 0, 0, 0);color:#7c3502\" class=\"has-inline-color\"> <strong>constancia del IMSS<\/strong> <\/mark><mark style=\"background-color:rgba(0, 0, 0, 0)\" class=\"has-inline-color has-black-color\">no cumple funci\u00f3n procesal y exigirla<\/mark><mark style=\"background-color:rgba(0, 0, 0, 0);color:#7c3502\" class=\"has-inline-color\"> <strong>obstaculiza el acceso a la justicia<\/strong>.<\/mark><\/p>\n\n\n\n<p>.<\/p>\n\n\n\n<p>Estas <strong><mark style=\"background-color:#9bf4f7\" class=\"has-inline-color\">RESOLUCI\u00d3N<\/mark> <\/strong>esta <strong>disponible <\/strong>para quien la<strong> <mark style=\"background-color:rgba(0, 0, 0, 0)\" class=\"has-inline-color has-vivid-red-color\">CONOZCA y la HAGA VALER<\/mark> <\/strong>en todo el pa\u00eds a partir de esta semana.<\/p>\n\n\n\n<p><strong><mark style=\"background-color:rgba(0, 0, 0, 0);color:#0592be\" class=\"has-inline-color\">Tesis LABORAL<\/mark><\/strong><\/p>\n\n\n\n<p class=\"has-small-font-size\"><strong>Registro digital<\/strong>: &nbsp;2031823<\/p>\n\n\n\n<p>.<\/p>\n\n\n\n<p>Si estas en el <strong><mark style=\"background-color:rgba(0, 0, 0, 0)\" class=\"has-inline-color has-vivid-red-color\">Extranjero <\/mark><\/strong>nosotros somos tu <strong><mark style=\"background-color:rgba(0, 0, 0, 0)\" class=\"has-inline-color has-vivid-green-cyan-color\">mejor<\/mark><\/strong> alternativa para <strong><mark style=\"background-color:rgba(0, 0, 0, 0)\" class=\"has-inline-color has-luminous-vivid-orange-color\">velar<\/mark><\/strong> por tus <strong><mark style=\"background-color:rgba(0, 0, 0, 0)\" class=\"has-inline-color has-vivid-cyan-blue-color\">intereses<\/mark><\/strong>, escr\u00edbenos o ll\u00e1manos al Tel <strong>55581-11311<\/strong>.<\/p>\n\n\n\n<p>.<\/p>\n\n\n\n<p>Cuando<strong> necesites<\/strong> ayuda, <strong>asistencia<\/strong> o <strong>planeaci\u00f3n<\/strong> legal, <strong>solicita<\/strong> <strong>Cita Privada<\/strong> <a rel=\"noreferrer noopener\" href=\"mailto:bi@sm99.mx\" target=\"_blank\"><strong>Aqu\u00ed<\/strong><\/a><\/p>\n\n\n\n<p>La informaci\u00f3n que AQU\u00cd te presentamos <strong>deriva<\/strong> de los <strong>Peri\u00f3dicos Oficiales <\/strong>de la<strong> CdMx<\/strong>, <strong>Estado<\/strong> de Mex., Diario <strong>Oficial<\/strong> de la Federaci\u00f3n, Suprema Corte de<strong> Justicia<\/strong> de la Naci\u00f3n, por lo tanto es de <strong>aplicaci\u00f3n <\/strong><mark style=\"background-color:rgba(0, 0, 0, 0)\" class=\"has-inline-color has-vivid-red-color\"><strong>Obligatoria<\/strong>.<\/mark><\/p>\n\n\n\n<p id=\"block-d670f748-d45d-4f67-97f3-7b291563797e\">La <strong>informaci\u00f3n<\/strong> de hoy procede de la Suprema Corte de Justicia<\/p>\n\n\n\n<p id=\"block-6ff5b2c7-4ab6-440f-bcd1-435cf5a8fe8b\"><strong><mark style=\"background-color:rgba(0, 0, 0, 0)\" class=\"has-inline-color has-luminous-vivid-orange-color\">Ay\u00fadanos<\/mark><\/strong> para que m\u00e1s personas conozcan esta informaci\u00f3n,<strong> Comp\u00e1rtelo<\/strong> en tus redes sociales<\/p>\n","protected":false},"excerpt":{"rendered":"<p>Views: 1 . Este ANTEDECENTE Surge luego de que, una persona trabajadora extranjera que labor\u00f3 en M\u00e9xico y luego sali\u00f3 del pa\u00eds de forma definitiva SOLICIT\u00d3 la DEVOLUCI\u00d3N de los recursos de su cuenta individual de ahorro para el retiro y de la subcuenta de vivienda. ACLAR\u00d3 que NO buscaba una pensi\u00f3n, pues ya no [&hellip;]<\/p>\n","protected":false},"author":3,"featured_media":34092,"comment_status":"closed","ping_status":"open","sticky":false,"template":"","format":"standard","meta":{"_jetpack_memberships_contains_paid_content":false,"footnotes":""},"categories":[4],"tags":[],"jetpack_sharing_enabled":true,"jetpack_featured_media_url":"https:\/\/www.salgadonoticias.com\/wp-content\/uploads\/2026\/03\/extranjero.jpg","_links":{"self":[{"href":"https:\/\/www.salgadonoticias.com\/index.php?rest_route=\/wp\/v2\/posts\/34088"}],"collection":[{"href":"https:\/\/www.salgadonoticias.com\/index.php?rest_route=\/wp\/v2\/posts"}],"about":[{"href":"https:\/\/www.salgadonoticias.com\/index.php?rest_route=\/wp\/v2\/types\/post"}],"author":[{"embeddable":true,"href":"https:\/\/www.salgadonoticias.com\/index.php?rest_route=\/wp\/v2\/users\/3"}],"replies":[{"embeddable":true,"href":"https:\/\/www.salgadonoticias.com\/index.php?rest_route=%2Fwp%2Fv2%2Fcomments&post=34088"}],"version-history":[{"count":2,"href":"https:\/\/www.salgadonoticias.com\/index.php?rest_route=\/wp\/v2\/posts\/34088\/revisions"}],"predecessor-version":[{"id":34093,"href":"https:\/\/www.salgadonoticias.com\/index.php?rest_route=\/wp\/v2\/posts\/34088\/revisions\/34093"}],"wp:featuredmedia":[{"embeddable":true,"href":"https:\/\/www.salgadonoticias.com\/index.php?rest_route=\/wp\/v2\/media\/34092"}],"wp:attachment":[{"href":"https:\/\/www.salgadonoticias.com\/index.php?rest_route=%2Fwp%2Fv2%2Fmedia&parent=34088"}],"wp:term":[{"taxonomy":"category","embeddable":true,"href":"https:\/\/www.salgadonoticias.com\/index.php?rest_route=%2Fwp%2Fv2%2Fcategories&post=34088"},{"taxonomy":"post_tag","embeddable":true,"href":"https:\/\/www.salgadonoticias.com\/index.php?rest_route=%2Fwp%2Fv2%2Ftags&post=34088"}],"curies":[{"name":"wp","href":"https:\/\/api.w.org\/{rel}","templated":true}]}}