{"id":34095,"date":"2026-03-12T00:01:00","date_gmt":"2026-03-12T06:01:00","guid":{"rendered":"https:\/\/www.salgadonoticias.com\/?p=34095"},"modified":"2026-03-10T19:59:16","modified_gmt":"2026-03-11T01:59:16","slug":"34095","status":"publish","type":"post","link":"https:\/\/www.salgadonoticias.com\/?p=34095","title":{"rendered":"Feminicidio: Reconocimiento de hijas e hijos menores como v\u00edctimas indirectas\u2026!!!"},"content":{"rendered":"<p>Views: 2<\/p>\n<p>.<\/p>\n\n\n\n<p>Este <strong>ANTEDECENTE<\/strong><\/p>\n\n\n\n<p><strong>Surge <\/strong>despu\u00e9s de que, una mujer fue v\u00edctima de <strong><mark style=\"background-color:rgba(0, 0, 0, 0)\" class=\"has-inline-color has-luminous-vivid-orange-color\">feminicidio agravado<\/mark><\/strong> a manos de su <strong>concubino<\/strong>, <em><u>con quien ten\u00eda una hija de tres a\u00f1os<\/u><\/em>. En primera instancia, se dict\u00f3 una <mark style=\"background-color:rgba(0, 0, 0, 0)\" class=\"has-inline-color has-luminous-vivid-orange-color\"><strong>sentencia condenatoria<\/strong>, <\/mark>imponi\u00e9ndole <mark style=\"background-color:rgba(0, 0, 0, 0)\" class=\"has-inline-color has-luminous-vivid-orange-color\"><strong>pena privativa de la libertad<\/strong> y el <strong>pago de la reparaci\u00f3n del da\u00f1o<\/strong> <em><u>a favor de los padres de la v\u00edctima<\/u><\/em>. El responsable interpuso un <strong>recurso de apelaci\u00f3n<\/strong><\/mark>, pero el tribunal <strong><mark style=\"background-color:rgba(0, 0, 0, 0)\" class=\"has-inline-color has-luminous-vivid-orange-color\">confirm\u00f3 la pena<\/mark><\/strong> de prisi\u00f3n y solo modific\u00f3 el monto de la reparaci\u00f3n. Posteriormente, el sentenciado promovi\u00f3 un <strong><mark style=\"background-color:rgba(0, 0, 0, 0)\" class=\"has-inline-color has-luminous-vivid-orange-color\">juicio de amparo directo<\/mark><\/strong>, argumentando violaciones relacionadas con la<mark style=\"background-color:rgba(0, 0, 0, 0)\" class=\"has-inline-color has-luminous-vivid-orange-color\"> <strong>acreditaci\u00f3n del feminicidio<\/strong>, las <strong>razones de g\u00e9nero<\/strong>, la <strong>reparaci\u00f3n del da\u00f1o<\/strong> <\/mark>y la situaci\u00f3n jur\u00eddica de la<mark style=\"background-color:rgba(0, 0, 0, 0)\" class=\"has-inline-color has-luminous-vivid-orange-color\"> <strong>hija menor de edad<\/strong>.<\/mark><\/p>\n\n\n\n<p>.<\/p>\n\n\n\n<p>La&nbsp;<strong><mark style=\"background-color:rgba(0, 0, 0, 0);color:#1b0188\" class=\"has-inline-color\">Suprema Corte de Justicia<\/mark><\/strong> ante lo anterior <strong><mark style=\"background-color:rgba(0, 0, 0, 0);color:#870101\" class=\"has-inline-color\">DETERMIN\u00d3<\/mark> <\/strong>que, <mark style=\"background-color:#d1aff2\" class=\"has-inline-color\">en los <strong>procesos<\/strong> por <strong>feminicidio<\/strong>, todas las autoridades DEBEN reconocer como <strong>v\u00edctimas indirectas<\/strong> a las <strong>hijas e hijos menores<\/strong> de la v\u00edctima y <strong>otorgarles<\/strong> <strong>medidas de protecci\u00f3n<\/strong>, asegurando una <strong>tutela judicial efectiva<\/strong> y una <strong>reparaci\u00f3n integral del da\u00f1o<\/strong>. Esta calidad puede <strong>reconocerse en cualquier etapa del proceso<\/strong>.<\/mark><\/p>\n\n\n\n<p><strong>.<\/strong><\/p>\n\n\n\n<p>La <mark style=\"background-color:rgba(0, 0, 0, 0);color:#67027a\" class=\"has-inline-color\"><strong>justificaci\u00f3n<\/strong><\/mark><mark style=\"background-color:rgba(0, 0, 0, 0)\" class=\"has-inline-color has-black-color\"><strong> <\/strong>de la <\/mark><strong><mark style=\"background-color:rgba(0, 0, 0, 0);color:#260378\" class=\"has-inline-color\">SCJN<\/mark><\/strong><mark style=\"background-color:rgba(0, 0, 0, 0)\" class=\"has-inline-color has-black-color\"> es que, el<\/mark><mark style=\"background-color:rgba(0, 0, 0, 0);color:#67027a\" class=\"has-inline-color\"> <strong>art\u00edculo 4\u00b0 constitucional<\/strong> <\/mark><mark style=\"background-color:rgba(0, 0, 0, 0)\" class=\"has-inline-color has-black-color\">ordena que todas las decisiones del Estado protejan el<\/mark><mark style=\"background-color:rgba(0, 0, 0, 0);color:#67027a\" class=\"has-inline-color\"> <strong>inter\u00e9s superior de la ni\u00f1ez<\/strong>.<\/mark><mark style=\"background-color:rgba(0, 0, 0, 0)\" class=\"has-inline-color has-black-color\"> Asimismo, la<\/mark><mark style=\"background-color:rgba(0, 0, 0, 0);color:#67027a\" class=\"has-inline-color\"> <strong>Declaraci\u00f3n de los Derechos del Ni\u00f1o<\/strong> <\/mark><mark style=\"background-color:rgba(0, 0, 0, 0)\" class=\"has-inline-color has-black-color\">establece que ni\u00f1as y ni\u00f1os deben recibir<\/mark><mark style=\"background-color:rgba(0, 0, 0, 0);color:#67027a\" class=\"has-inline-color\"> <strong>protecci\u00f3n especial<\/strong> <\/mark><mark style=\"background-color:rgba(0, 0, 0, 0)\" class=\"has-inline-color has-black-color\">para garantizar su desarrollo. <\/mark><\/p>\n\n\n\n<p><mark style=\"background-color:rgba(0, 0, 0, 0)\" class=\"has-inline-color has-black-color\">En casos de<\/mark><mark style=\"background-color:rgba(0, 0, 0, 0);color:#67027a\" class=\"has-inline-color\"> <strong>feminicidio<\/strong>, <\/mark><mark style=\"background-color:rgba(0, 0, 0, 0)\" class=\"has-inline-color has-black-color\">la afectaci\u00f3n alcanza a las<\/mark><mark style=\"background-color:rgba(0, 0, 0, 0);color:#67027a\" class=\"has-inline-color\"> <strong>hijas e hijos menores<\/strong>, <\/mark><mark style=\"background-color:rgba(0, 0, 0, 0)\" class=\"has-inline-color has-black-color\">quienes son<\/mark><mark style=\"background-color:rgba(0, 0, 0, 0);color:#67027a\" class=\"has-inline-color\"> <strong>v\u00edctimas indirectas<\/strong>. <\/mark><mark style=\"background-color:rgba(0, 0, 0, 0)\" class=\"has-inline-color has-black-color\">Por ello, las autoridades deben adoptar<\/mark><mark style=\"background-color:rgba(0, 0, 0, 0);color:#67027a\" class=\"has-inline-color\"> <strong>medidas para reducir el da\u00f1o<\/strong> y asegurar su <strong>desarrollo integral<\/strong>,<\/mark> aun cuando dicho reconocimiento no se haya hecho en etapas previas.<\/p>\n\n\n\n<p>.<\/p>\n\n\n\n<p>Estas <strong><mark style=\"background-color:#97eccd\" class=\"has-inline-color\">RESOLUCI\u00d3N<\/mark> <\/strong>esta <strong>disponible <\/strong>para quien la<strong> <mark style=\"background-color:rgba(0, 0, 0, 0);color:#880202\" class=\"has-inline-color\">CONOZCA y la HAGA VALER<\/mark> <\/strong>en todo el pa\u00eds a partir de esta semana.<\/p>\n\n\n\n<p><strong><mark style=\"background-color:rgba(0, 0, 0, 0);color:#037048\" class=\"has-inline-color\">Tesis CONSTITUCIONAL-PENAL<\/mark><\/strong><\/p>\n\n\n\n<p class=\"has-small-font-size\"><strong>Registro digital<\/strong>: &nbsp;2031831<\/p>\n\n\n\n<p>.<\/p>\n\n\n\n<p class=\"has-small-font-size\">.<\/p>\n\n\n\n<p>Si estas en el <strong><mark style=\"background-color:rgba(0, 0, 0, 0)\" class=\"has-inline-color has-vivid-red-color\">Extranjero <\/mark><\/strong>nosotros somos tu <strong><mark style=\"background-color:rgba(0, 0, 0, 0)\" class=\"has-inline-color has-vivid-green-cyan-color\">mejor<\/mark><\/strong> alternativa para <strong><mark style=\"background-color:rgba(0, 0, 0, 0)\" class=\"has-inline-color has-luminous-vivid-orange-color\">velar<\/mark><\/strong> por tus <strong><mark style=\"background-color:rgba(0, 0, 0, 0)\" class=\"has-inline-color has-vivid-cyan-blue-color\">intereses<\/mark><\/strong>, escr\u00edbenos o ll\u00e1manos al Tel <strong>55581-11311<\/strong>.<\/p>\n\n\n\n<p>.<\/p>\n\n\n\n<p>Cuando<strong> necesites<\/strong> ayuda, <strong>asistencia<\/strong> o <strong>planeaci\u00f3n<\/strong> legal, <strong>solicita<\/strong> <strong>Cita Privada<\/strong> <a rel=\"noreferrer noopener\" href=\"mailto:bi@sm99.mx\" target=\"_blank\"><strong>Aqu\u00ed<\/strong><\/a><\/p>\n\n\n\n<p>La informaci\u00f3n que AQU\u00cd te presentamos <strong>deriva<\/strong> de los <strong>Peri\u00f3dicos Oficiales <\/strong>de la<strong> CdMx<\/strong>, <strong>Estado<\/strong> de Mex., Diario <strong>Oficial<\/strong> de la Federaci\u00f3n, Suprema Corte de<strong> Justicia<\/strong> de la Naci\u00f3n, por lo tanto es de <strong>aplicaci\u00f3n <\/strong><mark style=\"background-color:rgba(0, 0, 0, 0)\" class=\"has-inline-color has-vivid-red-color\"><strong>Obligatoria<\/strong>.<\/mark><\/p>\n\n\n\n<p id=\"block-d670f748-d45d-4f67-97f3-7b291563797e\">La <strong>informaci\u00f3n<\/strong> de hoy procede de la Suprema Corte de Justicia<\/p>\n\n\n\n<p id=\"block-6ff5b2c7-4ab6-440f-bcd1-435cf5a8fe8b\"><strong><mark style=\"background-color:rgba(0, 0, 0, 0)\" class=\"has-inline-color has-luminous-vivid-orange-color\">Ay\u00fadanos<\/mark><\/strong> para que m\u00e1s personas conozcan esta informaci\u00f3n,<strong> Comp\u00e1rtelo<\/strong> en tus redes sociales<\/p>\n","protected":false},"excerpt":{"rendered":"<p>Views: 2 . Este ANTEDECENTE Surge despu\u00e9s de que, una mujer fue v\u00edctima de feminicidio agravado a manos de su concubino, con quien ten\u00eda una hija de tres a\u00f1os. En primera instancia, se dict\u00f3 una sentencia condenatoria, imponi\u00e9ndole pena privativa de la libertad y el pago de la reparaci\u00f3n del da\u00f1o a favor de los [&hellip;]<\/p>\n","protected":false},"author":3,"featured_media":34099,"comment_status":"closed","ping_status":"open","sticky":false,"template":"","format":"standard","meta":{"_jetpack_memberships_contains_paid_content":false,"footnotes":""},"categories":[4],"tags":[],"jetpack_sharing_enabled":true,"jetpack_featured_media_url":"https:\/\/www.salgadonoticias.com\/wp-content\/uploads\/2026\/03\/PHOTO-2025-08-14-10-46-40-e1755735519575.webp","_links":{"self":[{"href":"https:\/\/www.salgadonoticias.com\/index.php?rest_route=\/wp\/v2\/posts\/34095"}],"collection":[{"href":"https:\/\/www.salgadonoticias.com\/index.php?rest_route=\/wp\/v2\/posts"}],"about":[{"href":"https:\/\/www.salgadonoticias.com\/index.php?rest_route=\/wp\/v2\/types\/post"}],"author":[{"embeddable":true,"href":"https:\/\/www.salgadonoticias.com\/index.php?rest_route=\/wp\/v2\/users\/3"}],"replies":[{"embeddable":true,"href":"https:\/\/www.salgadonoticias.com\/index.php?rest_route=%2Fwp%2Fv2%2Fcomments&post=34095"}],"version-history":[{"count":3,"href":"https:\/\/www.salgadonoticias.com\/index.php?rest_route=\/wp\/v2\/posts\/34095\/revisions"}],"predecessor-version":[{"id":34101,"href":"https:\/\/www.salgadonoticias.com\/index.php?rest_route=\/wp\/v2\/posts\/34095\/revisions\/34101"}],"wp:featuredmedia":[{"embeddable":true,"href":"https:\/\/www.salgadonoticias.com\/index.php?rest_route=\/wp\/v2\/media\/34099"}],"wp:attachment":[{"href":"https:\/\/www.salgadonoticias.com\/index.php?rest_route=%2Fwp%2Fv2%2Fmedia&parent=34095"}],"wp:term":[{"taxonomy":"category","embeddable":true,"href":"https:\/\/www.salgadonoticias.com\/index.php?rest_route=%2Fwp%2Fv2%2Fcategories&post=34095"},{"taxonomy":"post_tag","embeddable":true,"href":"https:\/\/www.salgadonoticias.com\/index.php?rest_route=%2Fwp%2Fv2%2Ftags&post=34095"}],"curies":[{"name":"wp","href":"https:\/\/api.w.org\/{rel}","templated":true}]}}