{"id":34129,"date":"2026-03-19T00:09:00","date_gmt":"2026-03-19T06:09:00","guid":{"rendered":"https:\/\/www.salgadonoticias.com\/?p=34129"},"modified":"2026-03-17T20:41:51","modified_gmt":"2026-03-18T02:41:51","slug":"34129","status":"publish","type":"post","link":"https:\/\/www.salgadonoticias.com\/?p=34129","title":{"rendered":"Competencia para conocer la queja por multa del CFCRL: Tribunal Colegiado en Materia Administrativa.\u2026!!!"},"content":{"rendered":"<p>Views: 8<\/p>\n<p>.<\/p>\n\n\n\n<p>Este <strong>ANTEDECENTE<\/strong><\/p>\n\n\n\n<p><mark style=\"background-color:rgba(0, 0, 0, 0);color:#974307\" class=\"has-inline-color\"><strong>Surge <\/strong><\/mark><mark style=\"background-color:rgba(0, 0, 0, 0)\" class=\"has-inline-color has-black-color\">despu\u00e9s de que<strong>,<\/strong><\/mark><mark style=\"background-color:rgba(0, 0, 0, 0);color:#974307\" class=\"has-inline-color\"><strong> Dos<\/strong> <strong><em><u>Tribunales Colegiados de Circuito<\/u><\/em><\/strong> <\/mark><mark style=\"background-color:rgba(0, 0, 0, 0)\" class=\"has-inline-color has-black-color\">\u2014uno en<\/mark><mark style=\"background-color:rgba(0, 0, 0, 0);color:#974307\" class=\"has-inline-color\"> <strong>Materia de Trabajo<\/strong> <\/mark><mark style=\"background-color:rgba(0, 0, 0, 0)\" class=\"has-inline-color has-black-color\">y otro en<\/mark><mark style=\"background-color:rgba(0, 0, 0, 0);color:#974307\" class=\"has-inline-color\"> <strong>Materia Administrativa<\/strong>\u2014 <\/mark><mark style=\"background-color:rgba(0, 0, 0, 0)\" class=\"has-inline-color has-black-color\">se declararon<\/mark><mark style=\"background-color:rgba(0, 0, 0, 0);color:#974307\" class=\"has-inline-color\"> <strong>incompetentes<\/strong> <\/mark><mark style=\"background-color:rgba(0, 0, 0, 0)\" class=\"has-inline-color has-black-color\">para resolver un<\/mark><mark style=\"background-color:rgba(0, 0, 0, 0);color:#974307\" class=\"has-inline-color\"> <strong>recurso de queja<\/strong> <\/mark><mark style=\"background-color:rgba(0, 0, 0, 0)\" class=\"has-inline-color has-black-color\">contra la decisi\u00f3n de un<\/mark><mark style=\"background-color:rgba(0, 0, 0, 0);color:#974307\" class=\"has-inline-color\"> <strong>Juzgado de Distrito<\/strong><\/mark><mark style=\"background-color:rgba(0, 0, 0, 0)\" class=\"has-inline-color has-black-color\"> en un <\/mark><mark style=\"background-color:rgba(0, 0, 0, 0);color:#974307\" class=\"has-inline-color\"><strong>amparo indirecto<\/strong><\/mark><mark style=\"background-color:rgba(0, 0, 0, 0)\" class=\"has-inline-color has-black-color\"> PROMOVIDO por una <\/mark><mark style=\"background-color:rgba(0, 0, 0, 0);color:#974307\" class=\"has-inline-color\"><strong>multa<\/strong><\/mark><mark style=\"background-color:rgba(0, 0, 0, 0)\" class=\"has-inline-color has-black-color\"> impuesta por el <\/mark><mark style=\"background-color:rgba(0, 0, 0, 0);color:#974307\" class=\"has-inline-color\"><strong>Centro Federal de Conciliaci\u00f3n y Registro Laboral<\/strong> por <strong>NO ACUDIR<\/strong> <\/mark><mark style=\"background-color:rgba(0, 0, 0, 0)\" class=\"has-inline-color has-black-color\">a la<\/mark><mark style=\"background-color:rgba(0, 0, 0, 0);color:#974307\" class=\"has-inline-color\"> <strong>audiencia de conciliaci\u00f3n prejudicial<\/strong>.<\/mark><\/p>\n\n\n\n<p>Uno consider\u00f3 que el <strong><mark style=\"background-color:rgba(0, 0, 0, 0);color:#893a01\" class=\"has-inline-color\">acto reclamado<\/mark><\/strong> es de<mark style=\"background-color:rgba(0, 0, 0, 0);color:#893b04\" class=\"has-inline-color\"> <strong>naturaleza administrativ<\/strong><\/mark><strong>a<\/strong>, por lo que correspond\u00eda a un tribunal administrativo. El otro sostuvo que, aunque el Centro es una autoridad administrativa, sus funciones en la <strong><mark style=\"background-color:rgba(0, 0, 0, 0);color:#8e3d04\" class=\"has-inline-color\">conciliaci\u00f3n prejudicial<\/mark><\/strong> son <strong><mark style=\"background-color:rgba(0, 0, 0, 0);color:#9b4406\" class=\"has-inline-color\">materialmente jurisdiccionales<\/mark><\/strong>, y que, al estar la multa prevista en la <strong><mark style=\"background-color:rgba(0, 0, 0, 0);color:#a24604\" class=\"has-inline-color\">Ley Federal del Trabajo<\/mark><\/strong>, el asunto deb\u00eda ser conocido por un tribunal en<mark style=\"background-color:rgba(0, 0, 0, 0);color:#8e3c01\" class=\"has-inline-color\"> <strong>Materia de Trabajo<\/strong>.<\/mark><\/p>\n\n\n\n<p>.<\/p>\n\n\n\n<p>La\u00a0<strong><mark style=\"background-color:rgba(0, 0, 0, 0);color:#0b0477\" class=\"has-inline-color\">Suprema Corte de Justicia<\/mark><\/strong> ante lo anterior<mark style=\"background-color:rgba(0, 0, 0, 0);color:#810303\" class=\"has-inline-color\"> <strong>DETERMIN\u00d3 <\/strong><\/mark>que, el <mark style=\"background-color:#f8cc53\" class=\"has-inline-color\"><strong>Tribunal Colegiado en Materia Administrativa<\/strong> es <em><u>COMPETENTE<\/u><\/em> para <em><u>RESOLVER<\/u><\/em> el <strong>recurso de queja<\/strong> cuando la <strong>multa<\/strong> reclamada en el <strong>amparo indirecto<\/strong> <em><u>proviene<\/u><\/em> del <strong>Centro Federal de Conciliaci\u00f3n y Registro Laboral<\/strong> por <em><u>no acudir<\/u><\/em> a la <strong>audiencia de conciliaci\u00f3n prejudicial<\/strong>.<\/mark><\/p>\n\n\n\n<p><strong>.<\/strong><\/p>\n\n\n\n<p>La <mark style=\"background-color:rgba(0, 0, 0, 0);color:#71022c\" class=\"has-inline-color\"><strong>justificaci\u00f3n <\/strong><\/mark><mark style=\"background-color:rgba(0, 0, 0, 0)\" class=\"has-inline-color has-black-color\">de la <strong>SCJN<\/strong> es que, la <\/mark><mark style=\"background-color:rgba(0, 0, 0, 0);color:#71022c\" class=\"has-inline-color\"><strong>competencia por materia<\/strong> de los <strong>Tribunales Colegiados de Circuito<\/strong> <\/mark><mark style=\"background-color:rgba(0, 0, 0, 0)\" class=\"has-inline-color has-black-color\">se <em><u>determina<\/u><\/em> seg\u00fan la<\/mark><mark style=\"background-color:rgba(0, 0, 0, 0);color:#71022c\" class=\"has-inline-color\"> <strong>naturaleza del acto reclamado<\/strong> y de la <strong>autoridad responsable<\/strong>. La <strong>MULTA<\/strong>, <\/mark><mark style=\"background-color:rgba(0, 0, 0, 0)\" class=\"has-inline-color has-black-color\">conforme al <\/mark><mark style=\"background-color:rgba(0, 0, 0, 0);color:#71022c\" class=\"has-inline-color\"><strong>art\u00edculo 3 del C\u00f3digo Fiscal de la Federaci\u00f3n<\/strong>, es un <strong>aprovechamiento<\/strong> <\/mark><mark style=\"background-color:rgba(0, 0, 0, 0)\" class=\"has-inline-color has-black-color\">que, al fijarse en cantidad l\u00edquida, se convierte en<\/mark><mark style=\"background-color:rgba(0, 0, 0, 0);color:#71022c\" class=\"has-inline-color\"> <strong>cr\u00e9dito fiscal<\/strong>. <\/mark><mark style=\"background-color:rgba(0, 0, 0, 0)\" class=\"has-inline-color has-black-color\">Adem\u00e1s, el<\/mark><mark style=\"background-color:rgba(0, 0, 0, 0);color:#71022c\" class=\"has-inline-color\"> <strong>Centro Federal de Conciliaci\u00f3n y Registro Laboral<\/strong>, seg\u00fan el <strong>art\u00edculo 1 de su Ley Org\u00e1nica<\/strong>, <\/mark><mark style=\"background-color:rgba(0, 0, 0, 0)\" class=\"has-inline-color has-black-color\">es un <\/mark><mark style=\"background-color:rgba(0, 0, 0, 0);color:#71022c\" class=\"has-inline-color\"><strong>organismo p\u00fablico descentralizado<\/strong> <\/mark><mark style=\"background-color:rgba(0, 0, 0, 0)\" class=\"has-inline-color has-black-color\">de la<\/mark><mark style=\"background-color:rgba(0, 0, 0, 0);color:#71022c\" class=\"has-inline-color\"> <strong>Administraci\u00f3n P\u00fablica Federal<\/strong>. <\/mark><mark style=\"background-color:rgba(0, 0, 0, 0)\" class=\"has-inline-color has-black-color\">Por ello, al ser la<\/mark><mark style=\"background-color:rgba(0, 0, 0, 0);color:#71022c\" class=\"has-inline-color\"> <strong>multa<\/strong> <\/mark><mark style=\"background-color:rgba(0, 0, 0, 0)\" class=\"has-inline-color has-black-color\">y la<\/mark><mark style=\"background-color:rgba(0, 0, 0, 0);color:#71022c\" class=\"has-inline-color\"> <strong>autoridad que la impone<\/strong> de <strong>naturaleza ADMINISTRATIVA<\/strong>,<\/mark><mark style=\"background-color:rgba(0, 0, 0, 0)\" class=\"has-inline-color has-black-color\"> la competencia corresponde a un<\/mark><mark style=\"background-color:rgba(0, 0, 0, 0);color:#71022c\" class=\"has-inline-color\"> <strong>Tribunal Colegiado en Materia Administrativa<\/strong>, <\/mark><mark style=\"background-color:rgba(0, 0, 0, 0)\" class=\"has-inline-color has-black-color\">aun cuando la auditor\u00eda de conciliaci\u00f3n prejudicial y la multa est\u00e9n previstas en el <\/mark><mark style=\"background-color:rgba(0, 0, 0, 0);color:#71022c\" class=\"has-inline-color\"><strong>art\u00edculo 123, apartado A, fracc. XX, de la Constituci\u00f3n<\/strong><\/mark><mark style=\"background-color:rgba(0, 0, 0, 0)\" class=\"has-inline-color has-black-color\"> y en el<\/mark><mark style=\"background-color:rgba(0, 0, 0, 0);color:#71022c\" class=\"has-inline-color\"> <strong>art\u00edculo 684-E, fracc.IV, de la Ley Federal del Trabajo<\/strong>,<\/mark> ya que <em><u>no se relacionan con derechos laborales ni con funci\u00f3n jurisdiccional<\/u><\/em>.<\/p>\n\n\n\n<p>.<\/p>\n\n\n\n<p>Estas<mark style=\"background-color:#ede1f8\" class=\"has-inline-color\"> <strong>RESOLUCI\u00d3N<\/strong><\/mark><strong> <\/strong>est\u00e1 <strong>disponible <\/strong>para quien la<mark style=\"background-color:rgba(0, 0, 0, 0);color:#870606\" class=\"has-inline-color\"> <strong>CONOZCA <\/strong>y la <strong>HAGA VALER <\/strong><\/mark>en todo el pa\u00eds a partir de esta semana.<\/p>\n\n\n\n<p><strong><mark style=\"background-color:rgba(0, 0, 0, 0);color:#810bee\" class=\"has-inline-color\">Tesis LABORAL-COM\u00daN<\/mark><\/strong><\/p>\n\n\n\n<p class=\"has-small-font-size\"><strong>Registro digital<\/strong>: &nbsp;2031851<\/p>\n\n\n\n<p>.<\/p>\n\n\n\n<p>Si estas en el <strong><mark style=\"background-color:rgba(0, 0, 0, 0)\" class=\"has-inline-color has-vivid-red-color\">Extranjero <\/mark><\/strong>nosotros somos tu <strong><mark style=\"background-color:rgba(0, 0, 0, 0)\" class=\"has-inline-color has-vivid-green-cyan-color\">mejor<\/mark><\/strong> alternativa para <strong><mark style=\"background-color:rgba(0, 0, 0, 0)\" class=\"has-inline-color has-luminous-vivid-orange-color\">velar<\/mark><\/strong> por tus <strong><mark style=\"background-color:rgba(0, 0, 0, 0)\" class=\"has-inline-color has-vivid-cyan-blue-color\">intereses<\/mark><\/strong>, escr\u00edbenos o ll\u00e1manos al Tel <strong>55581-11311<\/strong>.<\/p>\n\n\n\n<p>.<\/p>\n\n\n\n<p>Cuando<strong> necesites<\/strong> ayuda, <strong>asistencia<\/strong> o <strong>planeaci\u00f3n<\/strong> legal, <strong>solicita<\/strong> <strong>Cita Privada<\/strong> <a rel=\"noreferrer noopener\" href=\"mailto:bi@sm99.mx\" target=\"_blank\"><strong>Aqu\u00ed<\/strong><\/a><\/p>\n\n\n\n<p>La informaci\u00f3n que AQU\u00cd te presentamos <strong>deriva<\/strong> de los <strong>Peri\u00f3dicos Oficiales <\/strong>de la<strong> CdMx<\/strong>, <strong>Estado<\/strong> de Mex., Diario <strong>Oficial<\/strong> de la Federaci\u00f3n, Suprema Corte de<strong> Justicia<\/strong> de la Naci\u00f3n, por lo tanto es de <strong>aplicaci\u00f3n <\/strong><mark style=\"background-color:rgba(0, 0, 0, 0)\" class=\"has-inline-color has-vivid-red-color\"><strong>Obligatoria<\/strong>.<\/mark><\/p>\n\n\n\n<p id=\"block-d670f748-d45d-4f67-97f3-7b291563797e\">La <strong>informaci\u00f3n<\/strong> de hoy procede de la Suprema Corte de Justicia<\/p>\n\n\n\n<p id=\"block-6ff5b2c7-4ab6-440f-bcd1-435cf5a8fe8b\"><strong><mark style=\"background-color:rgba(0, 0, 0, 0)\" class=\"has-inline-color has-luminous-vivid-orange-color\">Ay\u00fadanos<\/mark><\/strong> para que m\u00e1s personas conozcan esta informaci\u00f3n,<strong> Comparte<\/strong> en tus redes sociales.<\/p>\n","protected":false},"excerpt":{"rendered":"<p>Views: 8 . Este ANTEDECENTE Surge despu\u00e9s de que, Dos Tribunales Colegiados de Circuito \u2014uno en Materia de Trabajo y otro en Materia Administrativa\u2014 se declararon incompetentes para resolver un recurso de queja contra la decisi\u00f3n de un Juzgado de Distrito en un amparo indirecto PROMOVIDO por una multa impuesta por el Centro Federal de [&hellip;]<\/p>\n","protected":false},"author":3,"featured_media":34135,"comment_status":"closed","ping_status":"open","sticky":false,"template":"","format":"standard","meta":{"_jetpack_memberships_contains_paid_content":false,"footnotes":""},"categories":[4],"tags":[],"jetpack_sharing_enabled":true,"jetpack_featured_media_url":"https:\/\/www.salgadonoticias.com\/wp-content\/uploads\/2026\/03\/justice-wealth-concept-wooden-gavel-260nw-2660606049.webp","_links":{"self":[{"href":"https:\/\/www.salgadonoticias.com\/index.php?rest_route=\/wp\/v2\/posts\/34129"}],"collection":[{"href":"https:\/\/www.salgadonoticias.com\/index.php?rest_route=\/wp\/v2\/posts"}],"about":[{"href":"https:\/\/www.salgadonoticias.com\/index.php?rest_route=\/wp\/v2\/types\/post"}],"author":[{"embeddable":true,"href":"https:\/\/www.salgadonoticias.com\/index.php?rest_route=\/wp\/v2\/users\/3"}],"replies":[{"embeddable":true,"href":"https:\/\/www.salgadonoticias.com\/index.php?rest_route=%2Fwp%2Fv2%2Fcomments&post=34129"}],"version-history":[{"count":3,"href":"https:\/\/www.salgadonoticias.com\/index.php?rest_route=\/wp\/v2\/posts\/34129\/revisions"}],"predecessor-version":[{"id":34134,"href":"https:\/\/www.salgadonoticias.com\/index.php?rest_route=\/wp\/v2\/posts\/34129\/revisions\/34134"}],"wp:featuredmedia":[{"embeddable":true,"href":"https:\/\/www.salgadonoticias.com\/index.php?rest_route=\/wp\/v2\/media\/34135"}],"wp:attachment":[{"href":"https:\/\/www.salgadonoticias.com\/index.php?rest_route=%2Fwp%2Fv2%2Fmedia&parent=34129"}],"wp:term":[{"taxonomy":"category","embeddable":true,"href":"https:\/\/www.salgadonoticias.com\/index.php?rest_route=%2Fwp%2Fv2%2Fcategories&post=34129"},{"taxonomy":"post_tag","embeddable":true,"href":"https:\/\/www.salgadonoticias.com\/index.php?rest_route=%2Fwp%2Fv2%2Ftags&post=34129"}],"curies":[{"name":"wp","href":"https:\/\/api.w.org\/{rel}","templated":true}]}}