{"id":34136,"date":"2026-03-20T00:31:00","date_gmt":"2026-03-20T06:31:00","guid":{"rendered":"https:\/\/www.salgadonoticias.com\/?p=34136"},"modified":"2026-03-19T18:52:35","modified_gmt":"2026-03-20T00:52:35","slug":"34136","status":"publish","type":"post","link":"https:\/\/www.salgadonoticias.com\/?p=34136","title":{"rendered":"Revalidaci\u00f3n de Permisos de Alcoholes: Normas de Nayarit Vulneran Legalidad Tributaria.\u2026!!!"},"content":{"rendered":"<p>Views: 8<\/p>\n<p>.<\/p>\n\n\n\n<p>Este <strong><mark style=\"background-color:rgba(0, 0, 0, 0);color:#a44603\" class=\"has-inline-color\">ANTEDECENTE<\/mark><\/strong><\/p>\n\n\n\n<p><mark style=\"background-color:rgba(0, 0, 0, 0);color:#994305\" class=\"has-inline-color\"><strong>Surge <\/strong><\/mark><mark style=\"background-color:rgba(0, 0, 0, 0)\" class=\"has-inline-color has-black-color\">despu\u00e9s de que<strong>, <\/strong>una persona promovi\u00f3<\/mark><mark style=\"background-color:rgba(0, 0, 0, 0);color:#994305\" class=\"has-inline-color\"> <strong>amparo indirecto<\/strong> <\/mark><mark style=\"background-color:rgba(0, 0, 0, 0)\" class=\"has-inline-color has-black-color\">contra los<\/mark><mark style=\"background-color:rgba(0, 0, 0, 0);color:#994305\" class=\"has-inline-color\"> <strong>preceptos legales<\/strong> <\/mark><mark style=\"background-color:rgba(0, 0, 0, 0)\" class=\"has-inline-color has-black-color\">que regulan la<\/mark><mark style=\"background-color:rgba(0, 0, 0, 0);color:#994305\" class=\"has-inline-color\"> <strong>revalidaci\u00f3n anual de permisos de alcoholes<\/strong>, <\/mark><mark style=\"background-color:rgba(0, 0, 0, 0)\" class=\"has-inline-color has-black-color\">argumentando que<\/mark><mark style=\"background-color:rgba(0, 0, 0, 0);color:#994305\" class=\"has-inline-color\"> <strong>no establecen de forma expresa la \u00e9poca de pago<\/strong>,<\/mark><mark style=\"background-color:rgba(0, 0, 0, 0)\" class=\"has-inline-color has-black-color\"> lo que a su juicio vulnera el <\/mark><mark style=\"background-color:rgba(0, 0, 0, 0);color:#994305\" class=\"has-inline-color\"><strong>principio de legalidad tributaria<\/strong>.<\/mark><\/p>\n\n\n\n<p>El <mark style=\"background-color:rgba(0, 0, 0, 0);color:#974104\" class=\"has-inline-color\"><strong>Juzgado de Distrito<\/strong> <\/mark><mark style=\"background-color:rgba(0, 0, 0, 0)\" class=\"has-inline-color has-black-color\">neg\u00f3 el amparo al considerar que, aunque la norma no precise con claridad la<\/mark><mark style=\"background-color:rgba(0, 0, 0, 0);color:#974104\" class=\"has-inline-color\"> <strong>\u00e9poca de pago<\/strong>,<\/mark><mark style=\"background-color:rgba(0, 0, 0, 0)\" class=\"has-inline-color has-black-color\"> ello<\/mark><mark style=\"background-color:rgba(0, 0, 0, 0);color:#974104\" class=\"has-inline-color\"> <strong>no gener\u00f3 perjuicio<\/strong> <\/mark><mark style=\"background-color:rgba(0, 0, 0, 0)\" class=\"has-inline-color has-black-color\">a la quejosa, pues<\/mark><mark style=\"background-color:rgba(0, 0, 0, 0);color:#974104\" class=\"has-inline-color\"> <strong>no se le impuso sanci\u00f3n<\/strong> <\/mark>derivada de dicha incertidumbre.<\/p>\n\n\n\n<p>.<\/p>\n\n\n\n<p>La\u00a0<strong><mark style=\"background-color:rgba(0, 0, 0, 0);color:#06047c\" class=\"has-inline-color\">Suprema Corte de Justicia<\/mark><\/strong> ante lo anterior <strong><mark style=\"background-color:rgba(0, 0, 0, 0);color:#870202\" class=\"has-inline-color\">DETERMIN\u00d3<\/mark> <\/strong>que, los <mark style=\"background-color:#b1f993\" class=\"has-inline-color\"><strong>art\u00edculos 21, fracc IX, y 27<\/strong> de la <strong>Ley de ALCOHOLES<\/strong> y el <strong>20, inciso b), fracc. III<\/strong>, de la <strong>Ley de Ingresos 2025 <\/strong>en este cado de Nayarit <strong><u>VULNERAN<\/u><\/strong> el <strong>principio de legalidad tributaria<\/strong>, al <strong>NO Definir con claridad los elementos de la contribuci\u00f3n.<\/strong><\/mark><\/p>\n\n\n\n<p><strong>.<\/strong><\/p>\n\n\n\n<p>La <strong><mark style=\"background-color:rgba(0, 0, 0, 0);color:#ca0707\" class=\"has-inline-color\">justificaci\u00f3n<\/mark> <\/strong>de la <strong><mark style=\"background-color:rgba(0, 0, 0, 0);color:#160362\" class=\"has-inline-color\">SCJN<\/mark><\/strong> es que, los <mark style=\"background-color:rgba(0, 0, 0, 0);color:#04640f\" class=\"has-inline-color\"><strong>art\u00edculos en menci\u00f3n<\/strong> <\/mark><mark style=\"background-color:rgba(0, 0, 0, 0)\" class=\"has-inline-color has-black-color\">contienen una<\/mark><mark style=\"background-color:rgba(0, 0, 0, 0);color:#04640f\" class=\"has-inline-color\"> <strong>INEXACTITUD sobre la \u00e9poca de pago<\/strong>, <\/mark><mark style=\"background-color:rgba(0, 0, 0, 0)\" class=\"has-inline-color has-black-color\">pues <em><u>UNO fija el plazo<\/u><\/em> en el<\/mark><mark style=\"background-color:rgba(0, 0, 0, 0);color:#04640f\" class=\"has-inline-color\"> <strong>primer Bimestre<\/strong> <\/mark><mark style=\"background-color:rgba(0, 0, 0, 0)\" class=\"has-inline-color has-black-color\">y el OTRO en el<\/mark><mark style=\"background-color:rgba(0, 0, 0, 0);color:#04640f\" class=\"has-inline-color\"> <strong>primer Trimestre<\/strong>, <\/mark><mark style=\"background-color:rgba(0, 0, 0, 0)\" class=\"has-inline-color has-black-color\">generando <\/mark><mark style=\"background-color:rgba(0, 0, 0, 0);color:#04640f\" class=\"has-inline-color\"><strong>incertidumbre objetiva<\/strong> <\/mark><mark style=\"background-color:rgba(0, 0, 0, 0)\" class=\"has-inline-color has-black-color\">que VULNERA los<\/mark><mark style=\"background-color:rgba(0, 0, 0, 0);color:#04640f\" class=\"has-inline-color\"> <strong>principios de seguridad y legalidad jur\u00eddica<\/strong>. <\/mark><mark style=\"background-color:rgba(0, 0, 0, 0)\" class=\"has-inline-color has-black-color\">Estos<\/mark><mark style=\"background-color:rgba(0, 0, 0, 0);color:#04640f\" class=\"has-inline-color\"> <strong>plazos excluyentes<\/strong><\/mark><mark style=\"background-color:rgba(0, 0, 0, 0)\" class=\"has-inline-color has-black-color\"> <em><u>NO pueden corregirse por interpretaci\u00f3n<\/u><\/em>, ya que <em><u>un pago en marzo cumplir\u00eda una norma y violar\u00eda la otr<\/u><\/em>a, quedando a<\/mark><mark style=\"background-color:rgba(0, 0, 0, 0);color:#04640f\" class=\"has-inline-color\"> <strong>criterio de la autoridad<\/strong> <\/mark><em><u><mark style=\"background-color:rgba(0, 0, 0, 0)\" class=\"has-inline-color has-black-color\">imponer sanciones.<\/mark><\/u><\/em><mark style=\"background-color:rgba(0, 0, 0, 0);color:#04640f\" class=\"has-inline-color\"><br><\/mark><mark style=\"background-color:rgba(0, 0, 0, 0)\" class=\"has-inline-color has-black-color\">Por ello, los <\/mark><mark style=\"background-color:rgba(0, 0, 0, 0);color:#04640f\" class=\"has-inline-color\"><strong>art\u00edculos 20, inciso b), fracci\u00f3n III<\/strong>, <\/mark><mark style=\"background-color:rgba(0, 0, 0, 0)\" class=\"has-inline-color has-black-color\">de la<\/mark><mark style=\"background-color:rgba(0, 0, 0, 0);color:#04640f\" class=\"has-inline-color\"> <strong>Ley de Ingresos 2025<\/strong>, y <strong>21 y 27<\/strong> <\/mark><mark style=\"background-color:rgba(0, 0, 0, 0)\" class=\"has-inline-color has-black-color\">de la Ley de Alcoholes de Nayarit<\/mark><mark style=\"background-color:rgba(0, 0, 0, 0);color:#04640f\" class=\"has-inline-color\"> <strong>violan el principio de legalidad tributaria<\/strong>, <\/mark><mark style=\"background-color:rgba(0, 0, 0, 0)\" class=\"has-inline-color has-black-color\">al impedir determinar con claridad la <\/mark><mark style=\"background-color:rgba(0, 0, 0, 0);color:#04640f\" class=\"has-inline-color\"><strong>\u00e9poca de pago<\/strong><\/mark>, un elemento esencial del tributo.<\/p>\n\n\n\n<p>.<\/p>\n\n\n\n<p>Estas <strong>RESOLUCI\u00d3N <\/strong>es de <strong>aplicaci\u00f3n OBLIGATORIA <\/strong>en todo el pa\u00eds a partir de esta semana.<\/p>\n\n\n\n<p><strong>Jurisprudencia CONSTITUCIONAL-ADMINISTRATIVA<\/strong><\/p>\n\n\n\n<p class=\"has-small-font-size\"><strong>Registro digital<\/strong>: &nbsp;203185<\/p>\n\n\n\n<p>.<\/p>\n\n\n\n<p>Si estas en el <strong><mark style=\"background-color:rgba(0, 0, 0, 0)\" class=\"has-inline-color has-vivid-red-color\">Extranjero <\/mark><\/strong>nosotros somos tu <strong><mark style=\"background-color:rgba(0, 0, 0, 0)\" class=\"has-inline-color has-vivid-green-cyan-color\">mejor<\/mark><\/strong> alternativa para <strong><mark style=\"background-color:rgba(0, 0, 0, 0)\" class=\"has-inline-color has-luminous-vivid-orange-color\">velar<\/mark><\/strong> por tus <strong><mark style=\"background-color:rgba(0, 0, 0, 0)\" class=\"has-inline-color has-vivid-cyan-blue-color\">intereses<\/mark><\/strong>, escr\u00edbenos o ll\u00e1manos al Tel <strong>55581-11311<\/strong>.<\/p>\n\n\n\n<p>.<\/p>\n\n\n\n<p>Cuando<strong> necesites<\/strong> ayuda, <strong>asistencia<\/strong> o <strong>planeaci\u00f3n<\/strong> legal, <strong>solicita<\/strong> <strong>Cita Privada<\/strong> <a rel=\"noreferrer noopener\" href=\"mailto:bi@sm99.mx\" target=\"_blank\"><strong>Aqu\u00ed<\/strong><\/a><\/p>\n\n\n\n<p>La informaci\u00f3n que AQU\u00cd te presentamos <strong>deriva<\/strong> de los <strong>Peri\u00f3dicos Oficiales <\/strong>de la<strong> CdMx<\/strong>, <strong>Estado<\/strong> de Mex., Diario <strong>Oficial<\/strong> de la Federaci\u00f3n, Suprema Corte de<strong> Justicia<\/strong> de la Naci\u00f3n, por lo tanto es de <strong>aplicaci\u00f3n <\/strong><mark style=\"background-color:rgba(0, 0, 0, 0)\" class=\"has-inline-color has-vivid-red-color\"><strong>Obligatoria<\/strong>.<\/mark><\/p>\n\n\n\n<p id=\"block-d670f748-d45d-4f67-97f3-7b291563797e\">La <strong>informaci\u00f3n<\/strong> de hoy procede de la Suprema Corte de Justicia<\/p>\n\n\n\n<p id=\"block-6ff5b2c7-4ab6-440f-bcd1-435cf5a8fe8b\"><strong><mark style=\"background-color:rgba(0, 0, 0, 0)\" class=\"has-inline-color has-luminous-vivid-orange-color\">Ay\u00fadanos<\/mark><\/strong> para que m\u00e1s personas conozcan esta informaci\u00f3n,<strong> Comparte<\/strong> en tus redes sociales.<\/p>\n","protected":false},"excerpt":{"rendered":"<p>Views: 8 . Este ANTEDECENTE Surge despu\u00e9s de que, una persona promovi\u00f3 amparo indirecto contra los preceptos legales que regulan la revalidaci\u00f3n anual de permisos de alcoholes, argumentando que no establecen de forma expresa la \u00e9poca de pago, lo que a su juicio vulnera el principio de legalidad tributaria. El Juzgado de Distrito neg\u00f3 el [&hellip;]<\/p>\n","protected":false},"author":3,"featured_media":34139,"comment_status":"closed","ping_status":"open","sticky":false,"template":"","format":"standard","meta":{"_jetpack_memberships_contains_paid_content":false,"footnotes":""},"categories":[4],"tags":[],"jetpack_sharing_enabled":true,"jetpack_featured_media_url":"https:\/\/www.salgadonoticias.com\/wp-content\/uploads\/2026\/03\/hq720.jpg","_links":{"self":[{"href":"https:\/\/www.salgadonoticias.com\/index.php?rest_route=\/wp\/v2\/posts\/34136"}],"collection":[{"href":"https:\/\/www.salgadonoticias.com\/index.php?rest_route=\/wp\/v2\/posts"}],"about":[{"href":"https:\/\/www.salgadonoticias.com\/index.php?rest_route=\/wp\/v2\/types\/post"}],"author":[{"embeddable":true,"href":"https:\/\/www.salgadonoticias.com\/index.php?rest_route=\/wp\/v2\/users\/3"}],"replies":[{"embeddable":true,"href":"https:\/\/www.salgadonoticias.com\/index.php?rest_route=%2Fwp%2Fv2%2Fcomments&post=34136"}],"version-history":[{"count":3,"href":"https:\/\/www.salgadonoticias.com\/index.php?rest_route=\/wp\/v2\/posts\/34136\/revisions"}],"predecessor-version":[{"id":34142,"href":"https:\/\/www.salgadonoticias.com\/index.php?rest_route=\/wp\/v2\/posts\/34136\/revisions\/34142"}],"wp:featuredmedia":[{"embeddable":true,"href":"https:\/\/www.salgadonoticias.com\/index.php?rest_route=\/wp\/v2\/media\/34139"}],"wp:attachment":[{"href":"https:\/\/www.salgadonoticias.com\/index.php?rest_route=%2Fwp%2Fv2%2Fmedia&parent=34136"}],"wp:term":[{"taxonomy":"category","embeddable":true,"href":"https:\/\/www.salgadonoticias.com\/index.php?rest_route=%2Fwp%2Fv2%2Fcategories&post=34136"},{"taxonomy":"post_tag","embeddable":true,"href":"https:\/\/www.salgadonoticias.com\/index.php?rest_route=%2Fwp%2Fv2%2Ftags&post=34136"}],"curies":[{"name":"wp","href":"https:\/\/api.w.org\/{rel}","templated":true}]}}