{"id":34144,"date":"2026-03-23T01:41:00","date_gmt":"2026-03-23T07:41:00","guid":{"rendered":"https:\/\/www.salgadonoticias.com\/?p=34144"},"modified":"2026-03-24T12:05:51","modified_gmt":"2026-03-24T18:05:51","slug":"34144","status":"publish","type":"post","link":"https:\/\/www.salgadonoticias.com\/?p=34144","title":{"rendered":"Cohecho: El art\u00edculo 347 del C\u00f3digo Penal del Estado de M\u00e9xico no viola el principio de exacta aplicaci\u00f3n de la ley\u2026.!!!"},"content":{"rendered":"<p>Views: 5<\/p>\n<p>.<\/p>\n\n\n\n<p>Este<mark style=\"background-color:rgba(0, 0, 0, 0);color:#76023a\" class=\"has-inline-color\"> <strong>ANTEDECENTE<\/strong> <\/mark><\/p>\n\n\n\n<p><mark style=\"background-color:rgba(0, 0, 0, 0);color:#76023a\" class=\"has-inline-color\"><strong>Surge <\/strong><\/mark><mark style=\"background-color:rgba(0, 0, 0, 0)\" class=\"has-inline-color has-black-color\">despu\u00e9s de que<strong>, <\/strong>una <em><u>persona fue declarada<\/u><\/em> <\/mark><mark style=\"background-color:rgba(0, 0, 0, 0);color:#76023a\" class=\"has-inline-color\"><strong>penalmente responsable<\/strong> <\/mark><mark style=\"background-color:rgba(0, 0, 0, 0)\" class=\"has-inline-color has-black-color\">por el delito de<\/mark><mark style=\"background-color:rgba(0, 0, 0, 0);color:#76023a\" class=\"has-inline-color\"> <strong>cohecho<\/strong>, <\/mark><mark style=\"background-color:rgba(0, 0, 0, 0)\" class=\"has-inline-color has-black-color\">luego de comprobarse que, como<\/mark><mark style=\"background-color:rgba(0, 0, 0, 0);color:#76023a\" class=\"has-inline-color\"> <strong>agente del Ministerio P\u00fablico<\/strong>, <strong>solicit\u00f3 dinero<\/strong> <\/mark><mark style=\"background-color:rgba(0, 0, 0, 0)\" class=\"has-inline-color has-black-color\">a cambio de devolver un veh\u00edculo asegurado en una carpeta de investigaci\u00f3n. En el <\/mark><mark style=\"background-color:rgba(0, 0, 0, 0);color:#76023a\" class=\"has-inline-color\"><strong>amparo directo<\/strong>, <\/mark><mark style=\"background-color:rgba(0, 0, 0, 0)\" class=\"has-inline-color has-black-color\">el sentenciado argument\u00f3 que el art\u00edculo aplicable es <\/mark><mark style=\"background-color:rgba(0, 0, 0, 0);color:#76023a\" class=\"has-inline-color\"><strong>inconstitucional<\/strong>,<\/mark><mark style=\"background-color:rgba(0, 0, 0, 0)\" class=\"has-inline-color has-black-color\"> pues \u2014seg\u00fan afirm\u00f3\u2014 s\u00f3lo sanciona<\/mark><mark style=\"background-color:rgba(0, 0, 0, 0);color:#76023a\" class=\"has-inline-color\"> <strong>OBTENER d\u00e1divas<\/strong>, <\/mark><mark style=\"background-color:rgba(0, 0, 0, 0)\" class=\"has-inline-color has-black-color\">pero<\/mark><mark style=\"background-color:rgba(0, 0, 0, 0);color:#76023a\" class=\"has-inline-color\"> <strong>NO<\/strong> <strong>solicitarlas<\/strong>.<\/mark><mark style=\"background-color:rgba(0, 0, 0, 0)\" class=\"has-inline-color has-black-color\"> El Tribunal Colegiado <\/mark><mark style=\"background-color:rgba(0, 0, 0, 0);color:#76023a\" class=\"has-inline-color\"><strong>neg\u00f3<\/strong> el<strong> amparo<\/strong> <\/mark><mark style=\"background-color:rgba(0, 0, 0, 0)\" class=\"has-inline-color has-black-color\">y, ante ello, la persona promovi\u00f3 un<\/mark><mark style=\"background-color:rgba(0, 0, 0, 0);color:#76023a\" class=\"has-inline-color\"> <strong>recurso de revisi\u00f3n<\/strong>.<\/mark><\/p>\n\n\n\n<p>.<\/p>\n\n\n\n<p>La\u00a0<strong><mark style=\"background-color:rgba(0, 0, 0, 0);color:#0f0478\" class=\"has-inline-color\">Suprema Corte de Justicia<\/mark><\/strong> ante lo anterior<mark style=\"background-color:rgba(0, 0, 0, 0);color:#840202\" class=\"has-inline-color\"> <strong>DETERMIN\u00d3<\/strong><\/mark><strong> <\/strong>que, <mark style=\"background-color:#b1f499\" class=\"has-inline-color has-black-color\">el <strong>Art\u00edculo 347<\/strong>, fracc. <strong>II<\/strong>, del <em><u>C\u00f3digo Penal del Estado de M\u00e9xico<\/u><\/em> <strong>NO VIOLA<\/strong> la <strong>Exacta Aplicaci\u00f3n de la ley<\/strong>, <em><u>pues la pena aplica<\/u><\/em> tanto a <strong>obtener<\/strong> como a <strong>solicitar<\/strong> d\u00e1divas<\/mark><\/p>\n\n\n\n<p><strong>.<\/strong><\/p>\n\n\n\n<p>La <mark style=\"background-color:rgba(0, 0, 0, 0);color:#054a01\" class=\"has-inline-color\"><strong>justificaci\u00f3n <\/strong><\/mark><mark style=\"background-color:rgba(0, 0, 0, 0)\" class=\"has-inline-color has-black-color\">de la<\/mark><mark style=\"background-color:rgba(0, 0, 0, 0);color:#054a01\" class=\"has-inline-color\"> <strong>SCJN<\/strong> <\/mark><mark style=\"background-color:rgba(0, 0, 0, 0)\" class=\"has-inline-color has-black-color\">es que, los art\u00edculos <\/mark><mark style=\"background-color:rgba(0, 0, 0, 0);color:#054a01\" class=\"has-inline-color\"><strong>14 constitucional<\/strong> y <strong>9 de la Convenci\u00f3n Americana sobre Derechos Humanos<\/strong> <\/mark><mark style=\"background-color:rgba(0, 0, 0, 0)\" class=\"has-inline-color has-black-color\">RECONOCEN el principio de<\/mark><mark style=\"background-color:rgba(0, 0, 0, 0);color:#054a01\" class=\"has-inline-color\"> <strong>exacta aplicaci\u00f3n de la ley penal<\/strong>, <\/mark><mark style=\"background-color:rgba(0, 0, 0, 0)\" class=\"has-inline-color has-black-color\">cuya vertiente de <\/mark><mark style=\"background-color:rgba(0, 0, 0, 0);color:#054a01\" class=\"has-inline-color\"><strong>taxatividad<\/strong> <\/mark><mark style=\"background-color:rgba(0, 0, 0, 0)\" class=\"has-inline-color has-black-color\"><em><u>exige que s\u00f3lo pueda castigarse una conducta si<\/u><\/em> la<\/mark><mark style=\"background-color:rgba(0, 0, 0, 0);color:#054a01\" class=\"has-inline-color\"> <strong>ley<\/strong> PREV\u00c9 <em><u>su punibilidad antes de su comisi\u00f3n<\/u><\/em>. Por ello, el legislador debe <strong>describir con claridad<\/strong> <\/mark><mark style=\"background-color:rgba(0, 0, 0, 0)\" class=\"has-inline-color has-black-color\">las conductas sancionables, incluyendo sus elementos y condiciones. <\/mark><\/p>\n\n\n\n<p><mark style=\"background-color:rgba(0, 0, 0, 0);color:#054a01\" class=\"has-inline-color\">El <strong>art\u00edculo 347<\/strong> <\/mark><mark style=\"background-color:rgba(0, 0, 0, 0)\" class=\"has-inline-color has-black-color\">del C\u00f3digo Penal del EdoMex. SE\u00d1ALA que el <\/mark><mark style=\"background-color:rgba(0, 0, 0, 0);color:#054a01\" class=\"has-inline-color\"><strong>delito<\/strong> <\/mark><mark style=\"background-color:rgba(0, 0, 0, 0)\" class=\"has-inline-color has-black-color\">de<\/mark><mark style=\"background-color:rgba(0, 0, 0, 0);color:#054a01\" class=\"has-inline-color\"> <strong>cohecho<\/strong> <\/mark><mark style=\"background-color:rgba(0, 0, 0, 0)\" class=\"has-inline-color has-black-color\">se configura cuando una<\/mark><mark style=\"background-color:rgba(0, 0, 0, 0);color:#054a01\" class=\"has-inline-color\"> <strong>persona servidora p\u00fablica<\/strong> <strong>solicita u obtiene d\u00e1divas<\/strong> <\/mark><mark style=\"background-color:rgba(0, 0, 0, 0)\" class=\"has-inline-color has-black-color\">para <em><u>permitir, realizar u omitir un acto relacionado con su funci\u00f3n<\/u><\/em>. Y en la<\/mark><mark style=\"background-color:rgba(0, 0, 0, 0);color:#054a01\" class=\"has-inline-color\"> <strong>fracc. II<\/strong> <\/mark><mark style=\"background-color:rgba(0, 0, 0, 0)\" class=\"has-inline-color has-black-color\">del mismo art\u00edculo establece que ambas conductas se sancionan con penas de<\/mark><mark style=\"background-color:rgba(0, 0, 0, 0);color:#054a01\" class=\"has-inline-color\"> <strong>cuatro a diez a\u00f1os de prisi\u00f3n<\/strong>, <strong>multa<\/strong>, <strong>destituci\u00f3n<\/strong> e <strong>inhabilitaci\u00f3n<\/strong>,<\/mark><mark style=\"background-color:rgba(0, 0, 0, 0)\" class=\"has-inline-color has-black-color\"> graduando la pena seg\u00fan el <\/mark><mark style=\"background-color:rgba(0, 0, 0, 0);color:#054a01\" class=\"has-inline-color\"><strong>beneficio obtenido<\/strong> o el <strong>valor de la d\u00e1diva<\/strong>. <\/mark><\/p>\n\n\n\n<p><mark style=\"background-color:rgba(0, 0, 0, 0)\" class=\"has-inline-color has-black-color\">As\u00ed, la norma <\/mark><mark style=\"background-color:rgba(0, 0, 0, 0);color:#054a01\" class=\"has-inline-color\"><strong>tipifica expresamente<\/strong> <\/mark><mark style=\"background-color:rgba(0, 0, 0, 0)\" class=\"has-inline-color has-black-color\">tanto la conducta de<\/mark><mark style=\"background-color:rgba(0, 0, 0, 0);color:#054a01\" class=\"has-inline-color\"> <strong>SOLICITAR<\/strong> <\/mark><mark style=\"background-color:rgba(0, 0, 0, 0)\" class=\"has-inline-color has-black-color\">como la de<\/mark><mark style=\"background-color:rgba(0, 0, 0, 0);color:#054a01\" class=\"has-inline-color\"> <strong>OBTENER d\u00e1divas<\/strong>,<\/mark><mark style=\"background-color:rgba(0, 0, 0, 0)\" class=\"has-inline-color has-black-color\"> y la referencia al beneficio o al valor solicitado permite<\/mark><mark style=\"background-color:rgba(0, 0, 0, 0);color:#054a01\" class=\"has-inline-color\"> <strong>determinar la pena<\/strong> <\/mark><mark style=\"background-color:rgba(0, 0, 0, 0)\" class=\"has-inline-color has-black-color\">tambi\u00e9n en la primera de dichas modalidades. Por ello, la <em><u>acci\u00f3n de <\/u><\/em><\/mark><mark style=\"background-color:rgba(0, 0, 0, 0);color:#054a01\" class=\"has-inline-color\"><em><u><strong>solicitar d\u00e1divas<\/strong> <strong>s\u00ed tiene penalidad<\/strong><\/u><\/em><\/mark> conforme al precepto.<\/p>\n\n\n\n<p>.<\/p>\n\n\n\n<p>Estas <strong><mark style=\"background-color:#f3c4a3\" class=\"has-inline-color\">RESOLUCI\u00d3N<\/mark> <\/strong>es de <strong>aplicaci\u00f3n <mark style=\"background-color:rgba(0, 0, 0, 0);color:#9b0404\" class=\"has-inline-color\">OBLIGATORIA<\/mark> <\/strong>en todo el pa\u00eds a partir de esta semana.<\/p>\n\n\n\n<p><strong><mark style=\"background-color:rgba(0, 0, 0, 0);color:#e06105\" class=\"has-inline-color\">Jurisprudencia PENAL<\/mark><\/strong><\/p>\n\n\n\n<p class=\"has-small-font-size\"><strong>Registro digital<\/strong>: &nbsp;2031887<\/p>\n\n\n\n<p>.<\/p>\n\n\n\n<p>Si estas en el <strong><mark style=\"background-color:rgba(0, 0, 0, 0)\" class=\"has-inline-color has-vivid-red-color\">Extranjero <\/mark><\/strong>nosotros somos tu <strong><mark style=\"background-color:rgba(0, 0, 0, 0)\" class=\"has-inline-color has-vivid-green-cyan-color\">mejor<\/mark><\/strong> alternativa para <strong><mark style=\"background-color:rgba(0, 0, 0, 0)\" class=\"has-inline-color has-luminous-vivid-orange-color\">velar<\/mark><\/strong> por tus <strong><mark style=\"background-color:rgba(0, 0, 0, 0)\" class=\"has-inline-color has-vivid-cyan-blue-color\">intereses<\/mark><\/strong>, escr\u00edbenos o ll\u00e1manos al Tel <strong>55581-11311<\/strong>.<\/p>\n\n\n\n<p>.<\/p>\n\n\n\n<p>Cuando<strong> necesites<\/strong> ayuda, <strong>asistencia<\/strong> o <strong>planeaci\u00f3n<\/strong> legal, <strong>solicita<\/strong> <strong>Cita Privada<\/strong> <a rel=\"noreferrer noopener\" href=\"mailto:bi@sm99.mx\" target=\"_blank\"><strong>Aqu\u00ed<\/strong><\/a><\/p>\n\n\n\n<p>La informaci\u00f3n que AQU\u00cd te presentamos <strong>deriva<\/strong> de los <strong>Peri\u00f3dicos Oficiales <\/strong>de la<strong> CdMx<\/strong>, <strong>Estado<\/strong> de Mex., Diario <strong>Oficial<\/strong> de la Federaci\u00f3n, Suprema Corte de<strong> Justicia<\/strong> de la Naci\u00f3n, por lo tanto es de <strong>aplicaci\u00f3n <\/strong><mark style=\"background-color:rgba(0, 0, 0, 0)\" class=\"has-inline-color has-vivid-red-color\"><strong>Obligatoria<\/strong>.<\/mark><\/p>\n\n\n\n<p id=\"block-d670f748-d45d-4f67-97f3-7b291563797e\">La <strong>informaci\u00f3n<\/strong> de hoy procede de la Suprema Corte de Justicia<\/p>\n\n\n\n<p id=\"block-6ff5b2c7-4ab6-440f-bcd1-435cf5a8fe8b\"><strong><mark style=\"background-color:rgba(0, 0, 0, 0)\" class=\"has-inline-color has-luminous-vivid-orange-color\">Ay\u00fadanos<\/mark><\/strong> para que m\u00e1s personas conozcan esta informaci\u00f3n,<strong> Comparte<\/strong> en tus redes sociales.<\/p>\n","protected":false},"excerpt":{"rendered":"<p>Views: 5 . Este ANTEDECENTE Surge despu\u00e9s de que, una persona fue declarada penalmente responsable por el delito de cohecho, luego de comprobarse que, como agente del Ministerio P\u00fablico, solicit\u00f3 dinero a cambio de devolver un veh\u00edculo asegurado en una carpeta de investigaci\u00f3n. En el amparo directo, el sentenciado argument\u00f3 que el art\u00edculo aplicable es [&hellip;]<\/p>\n","protected":false},"author":3,"featured_media":34146,"comment_status":"closed","ping_status":"open","sticky":false,"template":"","format":"standard","meta":{"_jetpack_memberships_contains_paid_content":false,"footnotes":""},"categories":[4],"tags":[],"jetpack_sharing_enabled":true,"jetpack_featured_media_url":"https:\/\/www.salgadonoticias.com\/wp-content\/uploads\/2026\/03\/1_687.jpg","_links":{"self":[{"href":"https:\/\/www.salgadonoticias.com\/index.php?rest_route=\/wp\/v2\/posts\/34144"}],"collection":[{"href":"https:\/\/www.salgadonoticias.com\/index.php?rest_route=\/wp\/v2\/posts"}],"about":[{"href":"https:\/\/www.salgadonoticias.com\/index.php?rest_route=\/wp\/v2\/types\/post"}],"author":[{"embeddable":true,"href":"https:\/\/www.salgadonoticias.com\/index.php?rest_route=\/wp\/v2\/users\/3"}],"replies":[{"embeddable":true,"href":"https:\/\/www.salgadonoticias.com\/index.php?rest_route=%2Fwp%2Fv2%2Fcomments&post=34144"}],"version-history":[{"count":7,"href":"https:\/\/www.salgadonoticias.com\/index.php?rest_route=\/wp\/v2\/posts\/34144\/revisions"}],"predecessor-version":[{"id":34166,"href":"https:\/\/www.salgadonoticias.com\/index.php?rest_route=\/wp\/v2\/posts\/34144\/revisions\/34166"}],"wp:featuredmedia":[{"embeddable":true,"href":"https:\/\/www.salgadonoticias.com\/index.php?rest_route=\/wp\/v2\/media\/34146"}],"wp:attachment":[{"href":"https:\/\/www.salgadonoticias.com\/index.php?rest_route=%2Fwp%2Fv2%2Fmedia&parent=34144"}],"wp:term":[{"taxonomy":"category","embeddable":true,"href":"https:\/\/www.salgadonoticias.com\/index.php?rest_route=%2Fwp%2Fv2%2Fcategories&post=34144"},{"taxonomy":"post_tag","embeddable":true,"href":"https:\/\/www.salgadonoticias.com\/index.php?rest_route=%2Fwp%2Fv2%2Ftags&post=34144"}],"curies":[{"name":"wp","href":"https:\/\/api.w.org\/{rel}","templated":true}]}}