{"id":34167,"date":"2026-03-25T00:55:00","date_gmt":"2026-03-25T06:55:00","guid":{"rendered":"https:\/\/www.salgadonoticias.com\/?p=34167"},"modified":"2026-03-24T19:56:59","modified_gmt":"2026-03-25T01:56:59","slug":"34167","status":"publish","type":"post","link":"https:\/\/www.salgadonoticias.com\/?p=34167","title":{"rendered":"La juventud del sentenciado por Feminicidio NO justifica usar la reinserci\u00f3n social para REDUCIR la pena.\u2026.!!!"},"content":{"rendered":"<p>Views: 4<\/p>\n<p>.<\/p>\n\n\n\n<p>Este <mark style=\"background-color:rgba(0, 0, 0, 0);color:#7a0258\" class=\"has-inline-color\"><strong>ANTEDECENTE<\/strong> <\/mark><\/p>\n\n\n\n<p><mark style=\"background-color:rgba(0, 0, 0, 0);color:#7a0258\" class=\"has-inline-color\"><strong>Surge <\/strong><\/mark><mark style=\"background-color:rgba(0, 0, 0, 0)\" class=\"has-inline-color has-black-color\">despu\u00e9s de que<strong>, <\/strong>un hombre fue declarado responsable de<\/mark><mark style=\"background-color:rgba(0, 0, 0, 0);color:#7a0258\" class=\"has-inline-color\"> <strong>feminicidio<\/strong> <\/mark><mark style=\"background-color:rgba(0, 0, 0, 0)\" class=\"has-inline-color has-black-color\">tras <em><u>hallarse a la v\u00edctima<\/u><\/em> en una<\/mark><mark style=\"background-color:rgba(0, 0, 0, 0);color:#7a0258\" class=\"has-inline-color\"> <strong>zona boscosa<\/strong><\/mark><mark style=\"background-color:rgba(0, 0, 0, 0)\" class=\"has-inline-color has-black-color\"> con<\/mark><mark style=\"background-color:rgba(0, 0, 0, 0);color:#7a0258\" class=\"has-inline-color\"> <strong>violencia de g\u00e9nero<\/strong>. <\/mark><mark style=\"background-color:rgba(0, 0, 0, 0)\" class=\"has-inline-color has-black-color\">Luego de un <\/mark><mark style=\"background-color:rgba(0, 0, 0, 0);color:#7a0258\" class=\"has-inline-color\"><strong>recurso de apelaci\u00f3n<\/strong>, <\/mark><mark style=\"background-color:rgba(0, 0, 0, 0)\" class=\"has-inline-color has-black-color\">se redujo su grado de culpabilidad. <\/mark><\/p>\n\n\n\n<p><mark style=\"background-color:rgba(0, 0, 0, 0)\" class=\"has-inline-color has-black-color\">Las <\/mark><mark style=\"background-color:rgba(0, 0, 0, 0);color:#7a0258\" class=\"has-inline-color\"><strong>v\u00edctimas indirectas<\/strong> <\/mark><mark style=\"background-color:rgba(0, 0, 0, 0)\" class=\"has-inline-color has-black-color\">PROMOVIERON<\/mark><mark style=\"background-color:rgba(0, 0, 0, 0);color:#7a0258\" class=\"has-inline-color\"> <strong>amparo directo<\/strong><\/mark><mark style=\"background-color:rgba(0, 0, 0, 0)\" class=\"has-inline-color has-black-color\"> al considerar indebida la aplicaci\u00f3n del<\/mark><mark style=\"background-color:rgba(0, 0, 0, 0);color:#7a0258\" class=\"has-inline-color\"> <strong>derecho a la reinserci\u00f3n social<\/strong> <\/mark><mark style=\"background-color:rgba(0, 0, 0, 0)\" class=\"has-inline-color has-black-color\">para reducir la pena, mientras que el sentenciado present\u00f3<\/mark><mark style=\"background-color:rgba(0, 0, 0, 0);color:#7a0258\" class=\"has-inline-color\"> <strong>amparo adhesivo<\/strong>. <\/mark><\/p>\n\n\n\n<p><mark style=\"background-color:rgba(0, 0, 0, 0)\" class=\"has-inline-color has-black-color\">El Tribunal Colegiado de Circuito<\/mark><mark style=\"background-color:rgba(0, 0, 0, 0);color:#7a0258\" class=\"has-inline-color\"> <strong>NEG\u00d3<\/strong> <\/mark><mark style=\"background-color:rgba(0, 0, 0, 0)\" class=\"has-inline-color has-black-color\">ambos amparos, por lo que las<\/mark><mark style=\"background-color:rgba(0, 0, 0, 0);color:#7a0258\" class=\"has-inline-color\"> <strong>v\u00edctimas interpusieron<\/strong> <strong>recurso de revisi\u00f3n<\/strong> <\/mark><mark style=\"background-color:rgba(0, 0, 0, 0)\" class=\"has-inline-color has-black-color\">y el acusado una <\/mark><mark style=\"background-color:rgba(0, 0, 0, 0);color:#7a0258\" class=\"has-inline-color\"><strong>revisi\u00f3n adhesiva<\/strong>.<\/mark><\/p>\n\n\n\n<p>.<\/p>\n\n\n\n<p>La\u00a0<strong><mark style=\"background-color:rgba(0, 0, 0, 0);color:#0c017d\" class=\"has-inline-color\">Suprema Corte de Justicia<\/mark><\/strong> ante lo anterior <strong><mark style=\"background-color:rgba(0, 0, 0, 0);color:#750404\" class=\"has-inline-color\">DETERMIN\u00d3<\/mark> <\/strong>que, la <mark style=\"background-color:#cb9ff3\" class=\"has-inline-color\"><strong>pena de prisi\u00f3n<\/strong> en el <em><u>delito<\/u><\/em> de <strong>feminicidio<\/strong> <em><u>debe fijarse seg\u00fan la<\/u><\/em> <strong>gravedad del hecho<\/strong>, el <strong>grado de culpabilidad<\/strong> y el <strong>contexto de violencia<\/strong> en que ocurri\u00f3. <em><u>Y el que la persona sentenciada sea<\/u><\/em> <strong>joven<\/strong> <em><u>NO justifica usar el<\/u><\/em> <strong>derecho a la reinserci\u00f3n social<\/strong> como criterio para individualizar y<strong> REDUCIR<\/strong> la pena.<\/mark><\/p>\n\n\n\n<p><strong>.<\/strong><\/p>\n\n\n\n<p>La <mark style=\"background-color:rgba(0, 0, 0, 0);color:#a24604\" class=\"has-inline-color\"><strong>justificaci\u00f3n<\/strong><\/mark><mark style=\"background-color:rgba(0, 0, 0, 0)\" class=\"has-inline-color has-black-color\"><strong> <\/strong>de la <\/mark><strong><mark style=\"background-color:rgba(0, 0, 0, 0);color:#33028a\" class=\"has-inline-color\">SCJN<\/mark><\/strong><mark style=\"background-color:rgba(0, 0, 0, 0)\" class=\"has-inline-color has-black-color\"> es que, en delitos de<\/mark><mark style=\"background-color:rgba(0, 0, 0, 0);color:#a24604\" class=\"has-inline-color\"> <strong>violencia de g\u00e9nero<\/strong> <\/mark><mark style=\"background-color:rgba(0, 0, 0, 0)\" class=\"has-inline-color has-black-color\">como el<\/mark><mark style=\"background-color:rgba(0, 0, 0, 0);color:#a24604\" class=\"has-inline-color\"> <strong>feminicidio<\/strong>, l<\/mark><mark style=\"background-color:rgba(0, 0, 0, 0)\" class=\"has-inline-color has-black-color\">a sentencia debe cumplir una funci\u00f3n dual: ser una<\/mark><mark style=\"background-color:rgba(0, 0, 0, 0);color:#a24604\" class=\"has-inline-color\"> <strong>respuesta del Estado<\/strong><\/mark><mark style=\"background-color:rgba(0, 0, 0, 0)\" class=\"has-inline-color has-black-color\"> ante la sociedad y asegurar a las<\/mark><mark style=\"background-color:rgba(0, 0, 0, 0);color:#a24604\" class=\"has-inline-color\"> <strong>v\u00edctimas indirectas<\/strong> <\/mark><mark style=\"background-color:rgba(0, 0, 0, 0)\" class=\"has-inline-color has-black-color\">que el hecho no quedar\u00e1 impune mediante una<\/mark><mark style=\"background-color:rgba(0, 0, 0, 0);color:#a24604\" class=\"has-inline-color\"> <strong>pena proporcional<\/strong> <\/mark><mark style=\"background-color:rgba(0, 0, 0, 0)\" class=\"has-inline-color has-black-color\">al delito y al<\/mark><mark style=\"background-color:rgba(0, 0, 0, 0);color:#a24604\" class=\"has-inline-color\"> <strong>contexto de violencia<\/strong><\/mark> en que ocurri\u00f3.<\/p>\n\n\n\n<p>La pena debe reflejar la <mark style=\"background-color:rgba(0, 0, 0, 0);color:#954206\" class=\"has-inline-color\"><strong>gravedad de la conducta<\/strong>, <\/mark><mark style=\"background-color:rgba(0, 0, 0, 0)\" class=\"has-inline-color has-black-color\">el <\/mark><mark style=\"background-color:rgba(0, 0, 0, 0);color:#954206\" class=\"has-inline-color\"><strong>grado de culpabilidad<\/strong><\/mark><mark style=\"background-color:rgba(0, 0, 0, 0)\" class=\"has-inline-color has-black-color\"> y la <\/mark><mark style=\"background-color:rgba(0, 0, 0, 0);color:#954206\" class=\"has-inline-color\"><strong>discriminaci\u00f3n estructural<\/strong> <\/mark><mark style=\"background-color:rgba(0, 0, 0, 0)\" class=\"has-inline-color has-black-color\">que hist\u00f3ricamente afecta a las mujeres. Adem\u00e1s, debe atender a los criterios del art\u00edculo<\/mark><mark style=\"background-color:rgba(0, 0, 0, 0);color:#954206\" class=\"has-inline-color\"> <strong>410 del C\u00f3digo Nacional de Procedimientos Penales<\/strong>, sin tomar la <strong>reinserci\u00f3n social<\/strong> <\/mark><mark style=\"background-color:rgba(0, 0, 0, 0)\" class=\"has-inline-color has-black-color\">como par\u00e1metro para fijar la penalidad, pues ello impedir\u00eda imponer la <\/mark><mark style=\"background-color:rgba(0, 0, 0, 0);color:#954206\" class=\"has-inline-color\"><strong>pena m\u00e1xima<\/strong> <\/mark>cuando sea necesaria.<\/p>\n\n\n\n<p>Este criterio <em><u>no contraviene<\/u><\/em> la <mark style=\"background-color:rgba(0, 0, 0, 0);color:#8a3b03\" class=\"has-inline-color\"><strong>Convenci\u00f3n Iberoamericana de Derechos de los J\u00f3venes<\/strong>, <\/mark><mark style=\"background-color:rgba(0, 0, 0, 0)\" class=\"has-inline-color has-black-color\">ya que la imposici\u00f3n de la<\/mark><mark style=\"background-color:rgba(0, 0, 0, 0);color:#8a3b03\" class=\"has-inline-color\"> <strong>pena privativa de libertad<\/strong> <\/mark><mark style=\"background-color:rgba(0, 0, 0, 0)\" class=\"has-inline-color has-black-color\">a personas j\u00f3venes mayores de 18 a\u00f1os responde al tipo penal y su individualizaci\u00f3n se realiza conforme a la ley, sin afectar su acceso <\/mark><mark style=\"background-color:rgba(0, 0, 0, 0);color:#8a3b03\" class=\"has-inline-color\">a <strong>beneficios de reinserci\u00f3n<\/strong><\/mark> cuando cumplan los requisitos legales<\/p>\n\n\n\n<p>.<\/p>\n\n\n\n<p>Estas <strong><mark style=\"background-color:#c7cdd2\" class=\"has-inline-color\">RESOLUCI\u00d3N<\/mark> <\/strong>es de <strong>aplicaci\u00f3n <mark style=\"background-color:rgba(0, 0, 0, 0);color:#730303\" class=\"has-inline-color\">OBLIGATORIA <\/mark><\/strong>en todo el pa\u00eds a partir de esta semana.<\/p>\n\n\n\n<p><strong><mark style=\"background-color:rgba(0, 0, 0, 0);color:#5790c2\" class=\"has-inline-color\">Jurisprudencia PENAL<\/mark><\/strong><\/p>\n\n\n\n<p class=\"has-small-font-size\"><strong>Registro digital<\/strong>: &nbsp;2031900<\/p>\n\n\n\n<p>.<\/p>\n\n\n\n<p>Si estas en el <strong><mark style=\"background-color:rgba(0, 0, 0, 0)\" class=\"has-inline-color has-vivid-red-color\">Extranjero <\/mark><\/strong>nosotros somos tu <strong><mark style=\"background-color:rgba(0, 0, 0, 0)\" class=\"has-inline-color has-vivid-green-cyan-color\">mejor<\/mark><\/strong> alternativa para <strong><mark style=\"background-color:rgba(0, 0, 0, 0)\" class=\"has-inline-color has-luminous-vivid-orange-color\">velar<\/mark><\/strong> por tus <strong><mark style=\"background-color:rgba(0, 0, 0, 0)\" class=\"has-inline-color has-vivid-cyan-blue-color\">intereses<\/mark><\/strong>, escr\u00edbenos o ll\u00e1manos al Tel <strong>55581-11311<\/strong>.<\/p>\n\n\n\n<p>.<\/p>\n\n\n\n<p>Cuando<strong> necesites<\/strong> ayuda, <strong>asistencia<\/strong> o <strong>planeaci\u00f3n<\/strong> legal, <strong>solicita<\/strong> <strong>Cita Privada<\/strong> <a rel=\"noreferrer noopener\" href=\"mailto:bi@sm99.mx\" target=\"_blank\"><strong>Aqu\u00ed<\/strong><\/a><\/p>\n\n\n\n<p>La informaci\u00f3n que AQU\u00cd te presentamos <strong>deriva<\/strong> de los <strong>Peri\u00f3dicos Oficiales <\/strong>de la<strong> CdMx<\/strong>, <strong>Estado<\/strong> de Mex., Diario <strong>Oficial<\/strong> de la Federaci\u00f3n, Suprema Corte de<strong> Justicia<\/strong> de la Naci\u00f3n, por lo tanto es de <strong>aplicaci\u00f3n <\/strong><mark style=\"background-color:rgba(0, 0, 0, 0)\" class=\"has-inline-color has-vivid-red-color\"><strong>Obligatoria<\/strong>.<\/mark><\/p>\n\n\n\n<p id=\"block-d670f748-d45d-4f67-97f3-7b291563797e\">La <strong>informaci\u00f3n<\/strong> de hoy procede de la Suprema Corte de Justicia<\/p>\n\n\n\n<p id=\"block-6ff5b2c7-4ab6-440f-bcd1-435cf5a8fe8b\"><strong><mark style=\"background-color:rgba(0, 0, 0, 0)\" class=\"has-inline-color has-luminous-vivid-orange-color\">Ay\u00fadanos<\/mark><\/strong> para que m\u00e1s personas conozcan esta informaci\u00f3n,<strong> Comparte<\/strong> en tus redes sociales.<\/p>\n","protected":false},"excerpt":{"rendered":"<p>Views: 4 . Este ANTEDECENTE Surge despu\u00e9s de que, un hombre fue declarado responsable de feminicidio tras hallarse a la v\u00edctima en una zona boscosa con violencia de g\u00e9nero. Luego de un recurso de apelaci\u00f3n, se redujo su grado de culpabilidad. Las v\u00edctimas indirectas PROMOVIERON amparo directo al considerar indebida la aplicaci\u00f3n del derecho a [&hellip;]<\/p>\n","protected":false},"author":3,"featured_media":34171,"comment_status":"closed","ping_status":"open","sticky":false,"template":"","format":"standard","meta":{"_jetpack_memberships_contains_paid_content":false,"footnotes":""},"categories":[4],"tags":[],"jetpack_sharing_enabled":true,"jetpack_featured_media_url":"https:\/\/www.salgadonoticias.com\/wp-content\/uploads\/2026\/03\/descarga.webp","_links":{"self":[{"href":"https:\/\/www.salgadonoticias.com\/index.php?rest_route=\/wp\/v2\/posts\/34167"}],"collection":[{"href":"https:\/\/www.salgadonoticias.com\/index.php?rest_route=\/wp\/v2\/posts"}],"about":[{"href":"https:\/\/www.salgadonoticias.com\/index.php?rest_route=\/wp\/v2\/types\/post"}],"author":[{"embeddable":true,"href":"https:\/\/www.salgadonoticias.com\/index.php?rest_route=\/wp\/v2\/users\/3"}],"replies":[{"embeddable":true,"href":"https:\/\/www.salgadonoticias.com\/index.php?rest_route=%2Fwp%2Fv2%2Fcomments&post=34167"}],"version-history":[{"count":2,"href":"https:\/\/www.salgadonoticias.com\/index.php?rest_route=\/wp\/v2\/posts\/34167\/revisions"}],"predecessor-version":[{"id":34170,"href":"https:\/\/www.salgadonoticias.com\/index.php?rest_route=\/wp\/v2\/posts\/34167\/revisions\/34170"}],"wp:featuredmedia":[{"embeddable":true,"href":"https:\/\/www.salgadonoticias.com\/index.php?rest_route=\/wp\/v2\/media\/34171"}],"wp:attachment":[{"href":"https:\/\/www.salgadonoticias.com\/index.php?rest_route=%2Fwp%2Fv2%2Fmedia&parent=34167"}],"wp:term":[{"taxonomy":"category","embeddable":true,"href":"https:\/\/www.salgadonoticias.com\/index.php?rest_route=%2Fwp%2Fv2%2Fcategories&post=34167"},{"taxonomy":"post_tag","embeddable":true,"href":"https:\/\/www.salgadonoticias.com\/index.php?rest_route=%2Fwp%2Fv2%2Ftags&post=34167"}],"curies":[{"name":"wp","href":"https:\/\/api.w.org\/{rel}","templated":true}]}}