{"id":34226,"date":"2026-04-09T00:33:00","date_gmt":"2026-04-09T06:33:00","guid":{"rendered":"https:\/\/www.salgadonoticias.com\/?p=34226"},"modified":"2026-04-07T18:08:57","modified_gmt":"2026-04-08T00:08:57","slug":"34226","status":"publish","type":"post","link":"https:\/\/www.salgadonoticias.com\/?p=34226","title":{"rendered":"Servicio de Agua, Drenaje y Alcantarillado: Cuotas Imprecisas por tipo de uso VULNERAN la Seguridad Jur\u00eddica y la Equidad Tributaria&#8230;\u2026!!!"},"content":{"rendered":"<p>Views: 5<\/p>\n<p>.<\/p>\n\n\n\n<p>Este <mark style=\"background-color:rgba(0, 0, 0, 0);color:#026107\" class=\"has-inline-color\"><strong>ANTEDECENTE<\/strong> <\/mark><\/p>\n\n\n\n<p><mark style=\"background-color:rgba(0, 0, 0, 0);color:#026107\" class=\"has-inline-color\"><strong>Surge <\/strong><\/mark><mark style=\"background-color:rgba(0, 0, 0, 0)\" class=\"has-inline-color has-black-color\">luego de que<strong>,<\/strong> la<\/mark><mark style=\"background-color:rgba(0, 0, 0, 0);color:#026107\" class=\"has-inline-color\"> <strong>CNDH<\/strong><\/mark><mark style=\"background-color:rgba(0, 0, 0, 0)\" class=\"has-inline-color has-black-color\"> <em><u>promovi\u00f3<\/u><\/em> una <\/mark><mark style=\"background-color:rgba(0, 0, 0, 0);color:#026107\" class=\"has-inline-color\"><strong>acci\u00f3n de inconstitucionalidad<\/strong> <\/mark><mark style=\"background-color:rgba(0, 0, 0, 0)\" class=\"has-inline-color has-black-color\">contra diversos <\/mark><mark style=\"background-color:rgba(0, 0, 0, 0);color:#026107\" class=\"has-inline-color\"><strong>art\u00edculos de las Leyes de Ingresos<\/strong> <\/mark><mark style=\"background-color:rgba(0, 0, 0, 0)\" class=\"has-inline-color has-black-color\">de los municipios del <\/mark><mark style=\"background-color:rgba(0, 0, 0, 0);color:#026107\" class=\"has-inline-color\"><strong>Edo. de Tlaxcala<\/strong>,<\/mark><mark style=\"background-color:rgba(0, 0, 0, 0)\" class=\"has-inline-color has-black-color\"> para el<\/mark><mark style=\"background-color:rgba(0, 0, 0, 0);color:#026107\" class=\"has-inline-color\"> <strong>ejercicio fiscal 2025<\/strong>. <\/mark><mark style=\"background-color:rgba(0, 0, 0, 0)\" class=\"has-inline-color has-black-color\">Estas <em><u>disposiciones impugnadas establecen<\/u><\/em> <\/mark><mark style=\"background-color:rgba(0, 0, 0, 0);color:#026107\" class=\"has-inline-color\"><strong>TARIFAS por servicios de agua potable, drenaje y alcantarillado<\/strong>, <\/mark><mark style=\"background-color:rgba(0, 0, 0, 0)\" class=\"has-inline-color has-black-color\">las cuales, seg\u00fan la CNDH, estos cobros <\/mark><mark style=\"background-color:rgba(0, 0, 0, 0);color:#026107\" class=\"has-inline-color\"><strong>NO son claros NI justos<\/strong>, y <strong>VIOLAN los principios de seguridad jur\u00eddica, proporcionalidad y equidad tributaria<\/strong>.<\/mark><\/p>\n\n\n\n<p>.<\/p>\n\n\n\n<p>La<mark style=\"background-color:rgba(0, 0, 0, 0);color:#180195\" class=\"has-inline-color\">\u00a0<strong>Suprema Corte de Justicia<\/strong><\/mark> ante lo anterior, <strong><mark style=\"background-color:rgba(0, 0, 0, 0);color:#760303\" class=\"has-inline-color\">DETERMIN\u00d3<\/mark> <\/strong>que, los <mark style=\"background-color:#a9f677\" class=\"has-inline-color\"><strong>art\u00edculos impugnados<\/strong> establecen <strong>cobros por servicios de agua, drenaje y alcantarillado<\/strong> en tres <strong>municipios de Tlaxcala<\/strong>, usando <strong>categor\u00edas como <\/strong><em><u>\u201cespecial\u201d, \u201ccomercial\u201d, \u201cindustrial\u201d o \u201cpeque\u00f1o\u201d, \u201cmediano\u201d y \u201cgrande\u201d,<\/u><\/em> <strong>SIN explicar claramente<\/strong> cu\u00e1ndo se aplica cada categor\u00eda, lo que genera <strong>confusi\u00f3n e injusticias<\/strong>. Por eso, se considera que <strong>violan los principios de seguridad jur\u00eddica, proporcionalidad y equidad tributaria<\/strong>.<\/mark><\/p>\n\n\n\n<p><strong>.<\/strong><\/p>\n\n\n\n<p>La<mark style=\"background-color:rgba(0, 0, 0, 0);color:#6f3004\" class=\"has-inline-color\"> <strong>justificaci\u00f3n <\/strong><\/mark><mark style=\"background-color:rgba(0, 0, 0, 0)\" class=\"has-inline-color has-black-color\">de la <\/mark><strong><mark style=\"background-color:rgba(0, 0, 0, 0);color:#18017a\" class=\"has-inline-color\">SCJN<\/mark><\/strong><mark style=\"background-color:rgba(0, 0, 0, 0)\" class=\"has-inline-color has-black-color\"> es que, el<\/mark><mark style=\"background-color:rgba(0, 0, 0, 0);color:#6f3004\" class=\"has-inline-color\"> <strong>principio de seguridad jur\u00eddica<\/strong>, <\/mark><mark style=\"background-color:rgba(0, 0, 0, 0)\" class=\"has-inline-color has-black-color\">previsto en el <\/mark><mark style=\"background-color:rgba(0, 0, 0, 0);color:#6f3004\" class=\"has-inline-color\"><strong>art\u00edculo 16 de la Constituci\u00f3n<\/strong>,<strong> <\/strong><\/mark><mark style=\"background-color:#f9c29a\" class=\"has-inline-color has-black-color\"><strong>EXIGE<\/strong><\/mark><mark style=\"background-color:rgba(0, 0, 0, 0)\" class=\"has-inline-color has-black-color\"><strong> <\/strong>que las normas que regulan los <em><u>cobros por servicios p\u00fablicos municipales<\/u><\/em><\/mark><mark style=\"background-color:rgba(0, 0, 0, 0);color:#6f3004\" class=\"has-inline-color\"> <strong>establezcan<\/strong> <strong>par\u00e1metros claros y medibles<\/strong>, <\/mark><mark style=\"background-color:rgba(0, 0, 0, 0)\" class=\"has-inline-color has-black-color\">para que los Contribuyentes sepan<\/mark><mark style=\"background-color:rgba(0, 0, 0, 0);color:#6f3004\" class=\"has-inline-color\"> <strong>cu\u00e1ndo y cu\u00e1nto deben pagar<\/strong>, <\/mark><mark style=\"background-color:rgba(0, 0, 0, 0)\" class=\"has-inline-color has-black-color\">y as\u00ed <\/mark><strong><mark style=\"background-color:#f8d9c3\" class=\"has-inline-color has-black-color\">EVITAR<\/mark><\/strong><mark style=\"background-color:rgba(0, 0, 0, 0)\" class=\"has-inline-color has-black-color\"> la<\/mark><mark style=\"background-color:rgba(0, 0, 0, 0);color:#6f3004\" class=\"has-inline-color\"> <strong>aplicaci\u00f3n discrecional<\/strong> <\/mark><mark style=\"background-color:rgba(0, 0, 0, 0)\" class=\"has-inline-color has-black-color\">por parte de las autoridades. Cuando las leyes que fijan cuotas po<\/mark><mark style=\"background-color:rgba(0, 0, 0, 0);color:#6f3004\" class=\"has-inline-color\">r <strong>agua potable, drenaje y alcantarillado<\/strong> <\/mark><mark style=\"background-color:rgba(0, 0, 0, 0)\" class=\"has-inline-color has-black-color\"><em><u>no definen con precisi\u00f3n<\/u><\/em> las <\/mark><mark style=\"background-color:rgba(0, 0, 0, 0);color:#6f3004\" class=\"has-inline-color\"><strong>categor\u00edas o tipos de uso<\/strong><\/mark><mark style=\"background-color:rgba(0, 0, 0, 0)\" class=\"has-inline-color has-black-color\"> ni el<\/mark><mark style=\"background-color:rgba(0, 0, 0, 0);color:#6f3004\" class=\"has-inline-color\"> <strong>consumo en metros c\u00fabicos<\/strong> <\/mark><mark style=\"background-color:rgba(0, 0, 0, 0)\" class=\"has-inline-color has-black-color\">que las actualiza, <em><u>dan a la autoridad la facultad de decidir arbitrariamente la<\/u><\/em><\/mark><mark style=\"background-color:rgba(0, 0, 0, 0);color:#6f3004\" class=\"has-inline-color\"> <strong>cuota aplicable<\/strong>, <\/mark><mark style=\"background-color:rgba(0, 0, 0, 0)\" class=\"has-inline-color has-black-color\">lo que vulnera dicho principio. <\/mark><\/p>\n\n\n\n<p><mark style=\"background-color:rgba(0, 0, 0, 0)\" class=\"has-inline-color has-black-color\">Tambi\u00e9n, conforme al<\/mark><mark style=\"background-color:rgba(0, 0, 0, 0);color:#6f3004\" class=\"has-inline-color\"> <strong>art\u00edculo 31, fracc. IV, Constitucional<\/strong>, <\/mark><mark style=\"background-color:rgba(0, 0, 0, 0)\" class=\"has-inline-color has-black-color\">los <em><u>cobros deben respetar<\/u><\/em> los<\/mark><mark style=\"background-color:rgba(0, 0, 0, 0);color:#6f3004\" class=\"has-inline-color\"> <strong>principios de proporcionalidad y equidad tributaria<\/strong>,<\/mark><mark style=\"background-color:rgba(0, 0, 0, 0)\" class=\"has-inline-color has-black-color\"> es decir, que se pague <\/mark><mark style=\"background-color:rgba(0, 0, 0, 0);color:#6f3004\" class=\"has-inline-color\"><strong>en funci\u00f3n del costo real del servicio<\/strong> <\/mark><mark style=\"background-color:rgba(0, 0, 0, 0)\" class=\"has-inline-color has-black-color\">y que quienes reciben un<\/mark><mark style=\"background-color:rgba(0, 0, 0, 0);color:#6f3004\" class=\"has-inline-color\"> <strong>mismo servicio paguen lo mismo<\/strong>. <\/mark><mark style=\"background-color:rgba(0, 0, 0, 0)\" class=\"has-inline-color has-black-color\">As\u00ed que, al <em><u>no vincular las cuotas<\/u><\/em> con el<\/mark><mark style=\"background-color:rgba(0, 0, 0, 0);color:#6f3004\" class=\"has-inline-color\"> <strong>volumen de agua consumida<\/strong> <\/mark><mark style=\"background-color:rgba(0, 0, 0, 0)\" class=\"has-inline-color has-black-color\">o<\/mark><mark style=\"background-color:rgba(0, 0, 0, 0);color:#6f3004\" class=\"has-inline-color\"> <strong>descargada<\/strong>,<\/mark><mark style=\"background-color:rgba(0, 0, 0, 0)\" class=\"has-inline-color has-black-color\"> ni con el<\/mark><mark style=\"background-color:rgba(0, 0, 0, 0);color:#6f3004\" class=\"has-inline-color\"> <strong>costo del servicio para el municipio<\/strong>, <\/mark><mark style=\"background-color:rgba(0, 0, 0, 0)\" class=\"has-inline-color has-black-color\">los art\u00edculos impugnados establecen cobros<\/mark><mark style=\"background-color:rgba(0, 0, 0, 0);color:#6f3004\" class=\"has-inline-color\"> <strong>desproporcionados y desiguales<\/strong>,<\/mark> contrarios a dichos principios.<\/p>\n\n\n\n<p>.<\/p>\n\n\n\n<p>Estas <strong><mark style=\"background-color:#8df7c1\" class=\"has-inline-color\">RESOLUCI\u00d3N<\/mark> <\/strong>es de <strong>aplicaci\u00f3n <mark style=\"background-color:rgba(0, 0, 0, 0);color:#800505\" class=\"has-inline-color\">OBLIGATORIA<\/mark> <\/strong>en todo el pa\u00eds a partir de esta semana.<\/p>\n\n\n\n<p><strong><mark style=\"background-color:rgba(0, 0, 0, 0);color:#2aa4f8\" class=\"has-inline-color\">Jurisprudencia CONSTITUCIONAL<\/mark><\/strong><\/p>\n\n\n\n<p class=\"has-small-font-size\"><strong>Registro digital<\/strong>: &nbsp;2031986<\/p>\n\n\n\n<p>.<\/p>\n\n\n\n<p>Si estas en el <strong><mark style=\"background-color:rgba(0, 0, 0, 0)\" class=\"has-inline-color has-vivid-red-color\">Extranjero <\/mark><\/strong>nosotros somos tu <strong><mark style=\"background-color:rgba(0, 0, 0, 0)\" class=\"has-inline-color has-vivid-green-cyan-color\">mejor<\/mark><\/strong> alternativa para <strong><mark style=\"background-color:rgba(0, 0, 0, 0)\" class=\"has-inline-color has-luminous-vivid-orange-color\">velar<\/mark><\/strong> por tus <strong><mark style=\"background-color:rgba(0, 0, 0, 0)\" class=\"has-inline-color has-vivid-cyan-blue-color\">intereses<\/mark><\/strong>, escr\u00edbenos o ll\u00e1manos al Tel <strong>55581-11311<\/strong>.<\/p>\n\n\n\n<p>.<\/p>\n\n\n\n<p>Cuando<strong> necesites<\/strong> ayuda, <strong>asistencia<\/strong> o <strong>planeaci\u00f3n<\/strong> legal, <strong>solicita<\/strong> <strong>Cita Privada<\/strong> <a rel=\"noreferrer noopener\" href=\"mailto:bi@sm99.mx\" target=\"_blank\"><strong>Aqu\u00ed<\/strong><\/a><\/p>\n\n\n\n<p>La informaci\u00f3n que AQU\u00cd te presentamos <strong>deriva<\/strong> de los <strong>Peri\u00f3dicos Oficiales <\/strong>de la<strong> CdMx<\/strong>, <strong>Estado<\/strong> de Mex., Diario <strong>Oficial<\/strong> de la Federaci\u00f3n, Suprema Corte de<strong> Justicia<\/strong> de la Naci\u00f3n, por lo tanto es de <strong>aplicaci\u00f3n <\/strong><mark style=\"background-color:rgba(0, 0, 0, 0)\" class=\"has-inline-color has-vivid-red-color\"><strong>Obligatoria<\/strong>.<\/mark><\/p>\n\n\n\n<p id=\"block-d670f748-d45d-4f67-97f3-7b291563797e\">La <strong>informaci\u00f3n<\/strong> de hoy procede de la Suprema Corte de Justicia<\/p>\n\n\n\n<p id=\"block-6ff5b2c7-4ab6-440f-bcd1-435cf5a8fe8b\"><strong><mark style=\"background-color:rgba(0, 0, 0, 0)\" class=\"has-inline-color has-luminous-vivid-orange-color\">Ay\u00fadanos<\/mark><\/strong> para que m\u00e1s personas conozcan esta informaci\u00f3n,<strong> Comparte<\/strong> en tus redes sociales.<\/p>\n","protected":false},"excerpt":{"rendered":"<p>Views: 5 . Este ANTEDECENTE Surge luego de que, la CNDH promovi\u00f3 una acci\u00f3n de inconstitucionalidad contra diversos art\u00edculos de las Leyes de Ingresos de los municipios del Edo. de Tlaxcala, para el ejercicio fiscal 2025. Estas disposiciones impugnadas establecen TARIFAS por servicios de agua potable, drenaje y alcantarillado, las cuales, seg\u00fan la CNDH, estos [&hellip;]<\/p>\n","protected":false},"author":3,"featured_media":34233,"comment_status":"closed","ping_status":"open","sticky":false,"template":"","format":"standard","meta":{"_jetpack_memberships_contains_paid_content":false,"footnotes":""},"categories":[4],"tags":[],"jetpack_sharing_enabled":true,"jetpack_featured_media_url":"https:\/\/www.salgadonoticias.com\/wp-content\/uploads\/2026\/04\/FACEBOOK-Estas-son-las-nuevas-tarifas-del-agua-potable-para-el-2026-en-Hidalgo.jpg","_links":{"self":[{"href":"https:\/\/www.salgadonoticias.com\/index.php?rest_route=\/wp\/v2\/posts\/34226"}],"collection":[{"href":"https:\/\/www.salgadonoticias.com\/index.php?rest_route=\/wp\/v2\/posts"}],"about":[{"href":"https:\/\/www.salgadonoticias.com\/index.php?rest_route=\/wp\/v2\/types\/post"}],"author":[{"embeddable":true,"href":"https:\/\/www.salgadonoticias.com\/index.php?rest_route=\/wp\/v2\/users\/3"}],"replies":[{"embeddable":true,"href":"https:\/\/www.salgadonoticias.com\/index.php?rest_route=%2Fwp%2Fv2%2Fcomments&post=34226"}],"version-history":[{"count":3,"href":"https:\/\/www.salgadonoticias.com\/index.php?rest_route=\/wp\/v2\/posts\/34226\/revisions"}],"predecessor-version":[{"id":34232,"href":"https:\/\/www.salgadonoticias.com\/index.php?rest_route=\/wp\/v2\/posts\/34226\/revisions\/34232"}],"wp:featuredmedia":[{"embeddable":true,"href":"https:\/\/www.salgadonoticias.com\/index.php?rest_route=\/wp\/v2\/media\/34233"}],"wp:attachment":[{"href":"https:\/\/www.salgadonoticias.com\/index.php?rest_route=%2Fwp%2Fv2%2Fmedia&parent=34226"}],"wp:term":[{"taxonomy":"category","embeddable":true,"href":"https:\/\/www.salgadonoticias.com\/index.php?rest_route=%2Fwp%2Fv2%2Fcategories&post=34226"},{"taxonomy":"post_tag","embeddable":true,"href":"https:\/\/www.salgadonoticias.com\/index.php?rest_route=%2Fwp%2Fv2%2Ftags&post=34226"}],"curies":[{"name":"wp","href":"https:\/\/api.w.org\/{rel}","templated":true}]}}