{"id":34320,"date":"2026-04-27T00:41:00","date_gmt":"2026-04-27T06:41:00","guid":{"rendered":"https:\/\/www.salgadonoticias.com\/?p=34320"},"modified":"2026-04-27T06:47:45","modified_gmt":"2026-04-27T12:47:45","slug":"revision-fiscal-improcedente-en-sentencia-del-tfja-por-incremento-de-pension-del-issste-por-cosa-juzgada","status":"publish","type":"post","link":"https:\/\/www.salgadonoticias.com\/?p=34320","title":{"rendered":"Revisi\u00f3n fiscal. Improcedente en sentencia del TFJA por Incremento de Pensi\u00f3n del ISSSTE por cosa juzgada&#8230;!!!"},"content":{"rendered":"<p>Views: 0<\/p>\n<p>.<\/p>\n\n\n\n<p>Este <strong>ANTECEDENTE<\/strong>:<\/p>\n\n\n\n<p>Surge luego de que, <mark style=\"background-color:rgba(0, 0, 0, 0);color:#ae4a03\" class=\"has-inline-color\"><strong>varias autoridades<\/strong> <\/mark><mark style=\"background-color:rgba(0, 0, 0, 0)\" class=\"has-inline-color has-black-color\">presentaron<\/mark><mark style=\"background-color:rgba(0, 0, 0, 0);color:#ae4a03\" class=\"has-inline-color\"> <strong>recursos de revisi\u00f3n fiscal<\/strong> <\/mark><mark style=\"background-color:rgba(0, 0, 0, 0)\" class=\"has-inline-color has-black-color\">en <strong>CONTRA<\/strong> de<\/mark><mark style=\"background-color:rgba(0, 0, 0, 0);color:#ae4a03\" class=\"has-inline-color\"> <strong>sentencias<\/strong> <\/mark><mark style=\"background-color:rgba(0, 0, 0, 0)\" class=\"has-inline-color has-black-color\">emitidas por el<\/mark><mark style=\"background-color:rgba(0, 0, 0, 0);color:#ae4a03\" class=\"has-inline-color\"> <strong>Tribunal Federal de Justicia Administrativa<\/strong>, <\/mark><mark style=\"background-color:rgba(0, 0, 0, 0)\" class=\"has-inline-color has-black-color\">las cuales hab\u00edan declarado la <\/mark><mark style=\"background-color:rgba(0, 0, 0, 0);color:#ae4a03\" class=\"has-inline-color\"><strong>nulidad de las resoluciones impugnadas<\/strong>.<\/mark><mark style=\"background-color:rgba(0, 0, 0, 0)\" class=\"has-inline-color has-black-color\"> Dichos <\/mark><mark style=\"background-color:rgba(0, 0, 0, 0);color:#ae4a03\" class=\"has-inline-color\"><strong>asuntos<\/strong><\/mark><mark style=\"background-color:rgba(0, 0, 0, 0)\" class=\"has-inline-color has-black-color\"> est\u00e1n relacionados con el <\/mark><mark style=\"background-color:rgba(0, 0, 0, 0);color:#ae4a03\" class=\"has-inline-color\"><strong>Incremento de pensiones jubilatorias<\/strong>, <\/mark><mark style=\"background-color:rgba(0, 0, 0, 0)\" class=\"has-inline-color has-black-color\">y las autoridades consideraron que las sentencias carec\u00edan de una adecuada <\/mark><mark style=\"background-color:rgba(0, 0, 0, 0);color:#ae4a03\" class=\"has-inline-color\"><strong>fundamentaci\u00f3n y motivaci\u00f3n<\/strong>.<\/mark><\/p>\n\n\n\n<p>.<\/p>\n\n\n\n<p>La <strong><mark style=\"background-color:rgba(0, 0, 0, 0);color:#210984\" class=\"has-inline-color\">Suprema Corte de Justicia<\/mark><\/strong>, ante lo anterior <strong><mark style=\"background-color:rgba(0, 0, 0, 0);color:#8c0202\" class=\"has-inline-color\">DETERMIN\u00d3<\/mark> <\/strong>que, <mark style=\"background-color:#dcfa9e\" class=\"has-inline-color\"><strong>NO<\/strong> <strong>procedente el recurso de revisi\u00f3n fiscal<\/strong> CONTRA Sentencias del <strong>Tribunal Federal de Justicia Administrativa<\/strong> que declaran la <strong>nulidad<\/strong> sobre el <strong>incremento de la pensi\u00f3n<\/strong>, cuando existe <strong>cosa juzgada<\/strong>, al haberse reconocido previamente el <strong>derecho<\/strong> a aumentar la <strong>pensi\u00f3n conforme al salario m\u00ednimo<\/strong> en un <strong>juicio anterior<\/strong>.<\/mark><\/p>\n\n\n\n<p>.<\/p>\n\n\n\n<p>La<strong> <mark style=\"background-color:rgba(0, 0, 0, 0);color:#026742\" class=\"has-inline-color\">justificaci\u00f3n<\/mark> <\/strong>de la<mark style=\"background-color:rgba(0, 0, 0, 0);color:#0b0481\" class=\"has-inline-color\"> <strong>SCJN<\/strong> <\/mark>es que, conforme a las <mark style=\"background-color:rgba(0, 0, 0, 0);color:#015b3a\" class=\"has-inline-color\"><strong>tesis jurisprudenciales 2a.\/J. 150\/2010 y 2a.\/J. 88\/2011<\/strong> <\/mark><mark style=\"background-color:rgba(0, 0, 0, 0)\" class=\"has-inline-color has-black-color\">de la<\/mark><mark style=\"background-color:rgba(0, 0, 0, 0);color:#015b3a\" class=\"has-inline-color\"> <strong>Segunda Sala<\/strong>, es <strong>IMPROCEDENTE el recurso de revisi\u00f3n fiscal<\/strong> <\/mark><mark style=\"background-color:rgba(0, 0, 0, 0)\" class=\"has-inline-color has-black-color\">CONTRA sentencias que declaran la<\/mark><mark style=\"background-color:rgba(0, 0, 0, 0);color:#015b3a\" class=\"has-inline-color\"> <strong>nulidad por vicios formales<\/strong><\/mark><mark style=\"background-color:rgba(0, 0, 0, 0)\" class=\"has-inline-color has-black-color\">, como la <\/mark><mark style=\"background-color:rgba(0, 0, 0, 0);color:#015b3a\" class=\"has-inline-color\"><strong>indebida o insuficiente fundamentaci\u00f3n<\/strong>, <\/mark><mark style=\"background-color:rgba(0, 0, 0, 0)\" class=\"has-inline-color has-black-color\">al NO EXISTIR un<\/mark><mark style=\"background-color:rgba(0, 0, 0, 0);color:#015b3a\" class=\"has-inline-color\"> <strong>pronunciamiento de fondo<\/strong>. <\/mark><mark style=\"background-color:rgba(0, 0, 0, 0)\" class=\"has-inline-color has-black-color\">Y debido al <\/mark><mark style=\"background-color:rgba(0, 0, 0, 0);color:#015b3a\" class=\"has-inline-color\"><strong>car\u00e1cter restrictivo<\/strong> <\/mark><mark style=\"background-color:rgba(0, 0, 0, 0)\" class=\"has-inline-color has-black-color\">del recurso, su <em>procedencia s\u00f3lo opera<\/em> en <\/mark><mark style=\"background-color:rgba(0, 0, 0, 0);color:#015b3a\" class=\"has-inline-color\"><strong>casos excepcionales<\/strong>,<\/mark><mark style=\"background-color:rgba(0, 0, 0, 0)\" class=\"has-inline-color has-black-color\"> por lo que no resulta procedente aun cuando la sentencia se refiera al <\/mark><mark style=\"background-color:rgba(0, 0, 0, 0);color:#015b3a\" class=\"has-inline-color\"><strong>c\u00e1lculo de incrementos de una pensi\u00f3n de jubilaci\u00f3n del ISSSTE<\/strong>.<\/mark><\/p>\n\n\n\n<p>.<\/p>\n\n\n\n<p>Esta <strong><mark style=\"background-color:#f4d0b6\" class=\"has-inline-color\">resoluci\u00f3n<\/mark><\/strong> es de <strong>aplicaci\u00f3n <mark style=\"background-color:rgba(0, 0, 0, 0);color:#710202\" class=\"has-inline-color\">OBLIGATORIA<\/mark><\/strong> en todo el pa\u00eds a partir de esta semana.<\/p>\n\n\n\n<p><strong><mark style=\"background-color:rgba(0, 0, 0, 0);color:#8f3e04\" class=\"has-inline-color\">Jurisprudencia ADMINISTRATIVA<\/mark><\/strong><\/p>\n\n\n\n<p class=\"has-small-font-size\">Registro digital:&nbsp;2032064<\/p>\n\n\n\n<p>.<\/p>\n\n\n\n<p>Si estas en el <strong><mark style=\"background-color:rgba(0, 0, 0, 0)\" class=\"has-inline-color has-vivid-red-color\">Extranjero <\/mark><\/strong>nosotros somos tu <strong><mark style=\"background-color:rgba(0, 0, 0, 0)\" class=\"has-inline-color has-vivid-green-cyan-color\">mejor<\/mark><\/strong> alternativa para <strong><mark style=\"background-color:rgba(0, 0, 0, 0)\" class=\"has-inline-color has-luminous-vivid-orange-color\">velar<\/mark><\/strong> por tus <strong><mark style=\"background-color:rgba(0, 0, 0, 0)\" class=\"has-inline-color has-vivid-cyan-blue-color\">intereses<\/mark><\/strong>, escr\u00edbenos o ll\u00e1manos al Tel <strong>55581-11311<\/strong>.<\/p>\n\n\n\n<p>.<\/p>\n\n\n\n<p>Cuando<strong> necesites<\/strong> ayuda, <strong>asistencia<\/strong> o <strong>planeaci\u00f3n<\/strong> legal, <strong>solicita<\/strong> <strong>Cita Privada<\/strong> <a rel=\"noreferrer noopener\" href=\"mailto:bi@sm99.mx\" target=\"_blank\"><strong>Aqu\u00ed<\/strong><\/a><\/p>\n\n\n\n<p>La informaci\u00f3n que AQU\u00cd te presentamos <strong>deriva<\/strong> de los <strong>Peri\u00f3dicos Oficiales <\/strong>de la<strong> CdMx<\/strong>, <strong>Estado<\/strong> de Mex., Diario <strong>Oficial<\/strong> de la Federaci\u00f3n, Suprema Corte de<strong> Justicia<\/strong> de la Naci\u00f3n, por lo tanto es de <strong>aplicaci\u00f3n <\/strong><mark style=\"background-color:rgba(0, 0, 0, 0)\" class=\"has-inline-color has-vivid-red-color\"><strong>Obligatoria<\/strong>.<\/mark><\/p>\n\n\n\n<p id=\"block-d670f748-d45d-4f67-97f3-7b291563797e\">La <strong>informaci\u00f3n<\/strong> de hoy procede de la Suprema Corte de Justicia<\/p>\n\n\n\n<p id=\"block-6ff5b2c7-4ab6-440f-bcd1-435cf5a8fe8b\"><strong><mark style=\"background-color:rgba(0, 0, 0, 0)\" class=\"has-inline-color has-luminous-vivid-orange-color\">Ay\u00fadanos<\/mark><\/strong> para que m\u00e1s personas conozcan esta informaci\u00f3n,<strong> Comparte<\/strong> en tus redes sociales.<\/p>\n","protected":false},"excerpt":{"rendered":"<p>Views: 0 . Este ANTECEDENTE: Surge luego de que, varias autoridades presentaron recursos de revisi\u00f3n fiscal en CONTRA de sentencias emitidas por el Tribunal Federal de Justicia Administrativa, las cuales hab\u00edan declarado la nulidad de las resoluciones impugnadas. Dichos asuntos est\u00e1n relacionados con el Incremento de pensiones jubilatorias, y las autoridades consideraron que las sentencias [&hellip;]<\/p>\n","protected":false},"author":3,"featured_media":34323,"comment_status":"closed","ping_status":"open","sticky":false,"template":"","format":"standard","meta":{"_jetpack_memberships_contains_paid_content":false,"footnotes":""},"categories":[4],"tags":[],"jetpack_sharing_enabled":true,"jetpack_featured_media_url":"https:\/\/www.salgadonoticias.com\/wp-content\/uploads\/2026\/04\/T6RVFWFBGFGPRHDNWXN2G7F26Y.avif","_links":{"self":[{"href":"https:\/\/www.salgadonoticias.com\/index.php?rest_route=\/wp\/v2\/posts\/34320"}],"collection":[{"href":"https:\/\/www.salgadonoticias.com\/index.php?rest_route=\/wp\/v2\/posts"}],"about":[{"href":"https:\/\/www.salgadonoticias.com\/index.php?rest_route=\/wp\/v2\/types\/post"}],"author":[{"embeddable":true,"href":"https:\/\/www.salgadonoticias.com\/index.php?rest_route=\/wp\/v2\/users\/3"}],"replies":[{"embeddable":true,"href":"https:\/\/www.salgadonoticias.com\/index.php?rest_route=%2Fwp%2Fv2%2Fcomments&post=34320"}],"version-history":[{"count":3,"href":"https:\/\/www.salgadonoticias.com\/index.php?rest_route=\/wp\/v2\/posts\/34320\/revisions"}],"predecessor-version":[{"id":34325,"href":"https:\/\/www.salgadonoticias.com\/index.php?rest_route=\/wp\/v2\/posts\/34320\/revisions\/34325"}],"wp:featuredmedia":[{"embeddable":true,"href":"https:\/\/www.salgadonoticias.com\/index.php?rest_route=\/wp\/v2\/media\/34323"}],"wp:attachment":[{"href":"https:\/\/www.salgadonoticias.com\/index.php?rest_route=%2Fwp%2Fv2%2Fmedia&parent=34320"}],"wp:term":[{"taxonomy":"category","embeddable":true,"href":"https:\/\/www.salgadonoticias.com\/index.php?rest_route=%2Fwp%2Fv2%2Fcategories&post=34320"},{"taxonomy":"post_tag","embeddable":true,"href":"https:\/\/www.salgadonoticias.com\/index.php?rest_route=%2Fwp%2Fv2%2Ftags&post=34320"}],"curies":[{"name":"wp","href":"https:\/\/api.w.org\/{rel}","templated":true}]}}