{"id":34326,"date":"2026-04-28T00:47:00","date_gmt":"2026-04-28T06:47:00","guid":{"rendered":"https:\/\/www.salgadonoticias.com\/?p=34326"},"modified":"2026-04-27T07:35:02","modified_gmt":"2026-04-27T13:35:02","slug":"34326","status":"publish","type":"post","link":"https:\/\/www.salgadonoticias.com\/?p=34326","title":{"rendered":"Discriminaci\u00f3n judicial por Discapacidad. Es procedente Amparo indirecto&#8230;!!!"},"content":{"rendered":"<p>Views: 0<\/p>\n<p>.<\/p>\n\n\n\n<p>Este <strong>ANTECEDENTE<\/strong>:<\/p>\n\n\n\n<p>Surge luego de que, una persona con <mark style=\"background-color:rgba(0, 0, 0, 0);color:#944106\" class=\"has-inline-color\"><strong>esclerosis mesial bilateral<\/strong> y <strong>epilepsia<\/strong>,<\/mark><mark style=\"background-color:rgba(0, 0, 0, 0)\" class=\"has-inline-color has-black-color\"> PROMOVIO<\/mark><mark style=\"background-color:rgba(0, 0, 0, 0);color:#944106\" class=\"has-inline-color\"> <strong>amparo indirecto<\/strong><\/mark><mark style=\"background-color:rgba(0, 0, 0, 0)\" class=\"has-inline-color has-black-color\"> CONTRA la determinaci\u00f3n que declar\u00f3 improcedente el<\/mark><mark style=\"background-color:rgba(0, 0, 0, 0);color:#944106\" class=\"has-inline-color\"> <strong>incidente de recusaci\u00f3n<\/strong> <\/mark><mark style=\"background-color:rgba(0, 0, 0, 0)\" class=\"has-inline-color has-black-color\">solicitado para que una<\/mark><mark style=\"background-color:rgba(0, 0, 0, 0);color:#944106\" class=\"has-inline-color\"> <strong>Jueza de Control<\/strong><\/mark><mark style=\"background-color:rgba(0, 0, 0, 0)\" class=\"has-inline-color has-black-color\"> del TSJ de la CdMx<\/mark><mark style=\"background-color:rgba(0, 0, 0, 0);color:#944106\" class=\"has-inline-color\"> <strong>dejara de conocer del proceso penal<\/strong> <\/mark><mark style=\"background-color:rgba(0, 0, 0, 0)\" class=\"has-inline-color has-black-color\">en el que \u00e9l es la v\u00edctima. ALEG\u00d3<\/mark><mark style=\"background-color:rgba(0, 0, 0, 0);color:#944106\" class=\"has-inline-color\"> <strong>falta de imparcialidad<\/strong> <\/mark><mark style=\"background-color:rgba(0, 0, 0, 0)\" class=\"has-inline-color has-black-color\">por NO implementar<\/mark><mark style=\"background-color:rgba(0, 0, 0, 0);color:#944106\" class=\"has-inline-color\"> <strong>ajustes razonables<\/strong> <\/mark><mark style=\"background-color:rgba(0, 0, 0, 0)\" class=\"has-inline-color has-black-color\">vinculados con su discapacidad y por reforzar<\/mark><mark style=\"background-color:rgba(0, 0, 0, 0);color:#944106\" class=\"has-inline-color\"> <strong>barreras de accesibilidad<\/strong>,<\/mark><mark style=\"background-color:rgba(0, 0, 0, 0)\" class=\"has-inline-color has-black-color\"> al <em>prolongar una audiencia por m\u00e1s de seis horas sin considerar sus padecimientos<\/em>. El <\/mark><mark style=\"background-color:rgba(0, 0, 0, 0);color:#944106\" class=\"has-inline-color\"><strong>\u00f3rgano de amparo<\/strong> <\/mark><mark style=\"background-color:rgba(0, 0, 0, 0)\" class=\"has-inline-color has-black-color\"><em>desech\u00f3 la demanda<\/em> al estimar que el acto reclamado es un<\/mark><mark style=\"background-color:rgba(0, 0, 0, 0);color:#944106\" class=\"has-inline-color\"> <strong>acto intraprocesal<\/strong> <\/mark><mark style=\"background-color:rgba(0, 0, 0, 0)\" class=\"has-inline-color has-black-color\">que <em>no constituye un caso de<\/em><\/mark><mark style=\"background-color:rgba(0, 0, 0, 0);color:#944106\" class=\"has-inline-color\"> <strong>imposible reparaci\u00f3n<\/strong>, <\/mark>esto porque los efectos se limitan al procedimiento de origen.<\/p>\n\n\n\n<p>.<\/p>\n\n\n\n<p>La <strong><mark style=\"background-color:rgba(0, 0, 0, 0);color:#17018b\" class=\"has-inline-color\">Suprema Corte de Justicia<\/mark> <\/strong>ante lo anterior <strong><mark style=\"background-color:rgba(0, 0, 0, 0);color:#850101\" class=\"has-inline-color\">DETERMINO<\/mark> <\/strong>que, el <mark style=\"background-color:#edbfe3\" class=\"has-inline-color\"><strong>Amparo indirecto<\/strong> es la <strong>v\u00eda id\u00f3nea<\/strong> para que una <strong>condici\u00f3n de salud<\/strong> que <em>implica<\/em> <strong>discapacidad<\/strong> sea <em>considerada y se eviten afectaciones<\/em> <strong>desproporcionadas<\/strong> al <strong>acceso a la justicia<\/strong>.<\/mark><\/p>\n\n\n\n<p>.<\/p>\n\n\n\n<p>La justificaci\u00f3n de la <strong><mark style=\"background-color:rgba(0, 0, 0, 0);color:#1a0396\" class=\"has-inline-color\">SCJN<\/mark> <\/strong>es que, la <mark style=\"background-color:rgba(0, 0, 0, 0);color:#85054f\" class=\"has-inline-color\"><strong>falta de ajustes razonables<\/strong>, de <strong>ajustes al procedimiento<\/strong> <\/mark><mark style=\"background-color:rgba(0, 0, 0, 0)\" class=\"has-inline-color has-black-color\">y de <\/mark><mark style=\"background-color:rgba(0, 0, 0, 0);color:#85054f\" class=\"has-inline-color\"><strong>accesibilidad<\/strong> <\/mark><mark style=\"background-color:rgba(0, 0, 0, 0)\" class=\"has-inline-color has-black-color\">se encuentra directamente vinculada con el derecho a la <\/mark><mark style=\"background-color:rgba(0, 0, 0, 0);color:#85054f\" class=\"has-inline-color\"><strong>igualdad y no discriminaci\u00f3n<\/strong> de una persona con <strong>discapacidad<\/strong>, <\/mark><mark style=\"background-color:rgba(0, 0, 0, 0)\" class=\"has-inline-color has-black-color\">ya que sus efectos trascienden el procedimiento y afectan<\/mark><mark style=\"background-color:rgba(0, 0, 0, 0);color:#85054f\" class=\"has-inline-color\"> <strong>derechos sustantivos<\/strong><\/mark><mark style=\"background-color:rgba(0, 0, 0, 0)\" class=\"has-inline-color has-black-color\"> que no pueden repararse posteriormente. Por ello, el<\/mark><mark style=\"background-color:rgba(0, 0, 0, 0);color:#85054f\" class=\"has-inline-color\"> <strong>amparo indirecto<\/strong><\/mark><mark style=\"background-color:rgba(0, 0, 0, 0)\" class=\"has-inline-color has-black-color\"> es la v\u00eda adecuada para garantizar el <\/mark><mark style=\"background-color:rgba(0, 0, 0, 0);color:#85054f\" class=\"has-inline-color\"><strong>acceso a la justicia en igualdad de condiciones<\/strong>,<\/mark><mark style=\"background-color:rgba(0, 0, 0, 0)\" class=\"has-inline-color has-black-color\"> evitar afectaciones<\/mark><mark style=\"background-color:rgba(0, 0, 0, 0);color:#85054f\" class=\"has-inline-color\"> <strong>desproporcionadas<\/strong> <\/mark><mark style=\"background-color:rgba(0, 0, 0, 0)\" class=\"has-inline-color has-black-color\">y prevenir el <\/mark><mark style=\"background-color:rgba(0, 0, 0, 0);color:#85054f\" class=\"has-inline-color\"><strong>agravamiento de la salud<\/strong> <\/mark>f\u00edsica, emocional y neurol\u00f3gica de la quejosa.<\/p>\n\n\n\n<p>.<\/p>\n\n\n\n<p>Esta <strong><mark style=\"background-color:#88f0d7\" class=\"has-inline-color\">RESOLUCI\u00d3N<\/mark><\/strong> est\u00e1 disponible para quien la <strong><mark style=\"background-color:rgba(0, 0, 0, 0);color:#900303\" class=\"has-inline-color\">CONOZCA y la HAGA VALER<\/mark><\/strong> a partir de esta semana en todo el pa\u00eds.<\/p>\n\n\n\n<p><strong><mark style=\"background-color:rgba(0, 0, 0, 0);color:#0897ea\" class=\"has-inline-color\">Tesis PENAL-COM\u00daN<\/mark><\/strong><\/p>\n\n\n\n<p class=\"has-small-font-size\">Registro digital:\u00a02032047<\/p>\n\n\n\n<p>.<\/p>\n\n\n\n<p>Si estas en el <strong><mark style=\"background-color:rgba(0, 0, 0, 0)\" class=\"has-inline-color has-vivid-red-color\">Extranjero <\/mark><\/strong>nosotros somos tu <strong><mark style=\"background-color:rgba(0, 0, 0, 0)\" class=\"has-inline-color has-vivid-green-cyan-color\">mejor<\/mark><\/strong> alternativa para <strong><mark style=\"background-color:rgba(0, 0, 0, 0)\" class=\"has-inline-color has-luminous-vivid-orange-color\">velar<\/mark><\/strong> por tus <strong><mark style=\"background-color:rgba(0, 0, 0, 0)\" class=\"has-inline-color has-vivid-cyan-blue-color\">intereses<\/mark><\/strong>, escr\u00edbenos o ll\u00e1manos al Tel <strong>55581-11311<\/strong>.<\/p>\n\n\n\n<p>.<\/p>\n\n\n\n<p>Cuando<strong> necesites<\/strong> ayuda, <strong>asistencia<\/strong> o <strong>planeaci\u00f3n<\/strong> legal, <strong>solicita<\/strong> <strong>Cita Privada<\/strong> <a rel=\"noreferrer noopener\" href=\"mailto:bi@sm99.mx\" target=\"_blank\"><strong>Aqu\u00ed<\/strong><\/a><\/p>\n\n\n\n<p>La informaci\u00f3n que AQU\u00cd te presentamos <strong>deriva<\/strong> de los <strong>Peri\u00f3dicos Oficiales <\/strong>de la<strong> CdMx<\/strong>, <strong>Estado<\/strong> de Mex., Diario <strong>Oficial<\/strong> de la Federaci\u00f3n, Suprema Corte de<strong> Justicia<\/strong> de la Naci\u00f3n, por lo tanto es de <strong>aplicaci\u00f3n <\/strong><mark style=\"background-color:rgba(0, 0, 0, 0)\" class=\"has-inline-color has-vivid-red-color\"><strong>Obligatoria<\/strong>.<\/mark><\/p>\n\n\n\n<p id=\"block-d670f748-d45d-4f67-97f3-7b291563797e\">La <strong>informaci\u00f3n<\/strong> de hoy procede de la Suprema Corte de Justicia<\/p>\n\n\n\n<p id=\"block-6ff5b2c7-4ab6-440f-bcd1-435cf5a8fe8b\"><strong><mark style=\"background-color:rgba(0, 0, 0, 0)\" class=\"has-inline-color has-luminous-vivid-orange-color\">Ay\u00fadanos<\/mark><\/strong> para que m\u00e1s personas conozcan esta informaci\u00f3n,<strong> Comparte<\/strong> en tus redes sociales.<\/p>\n","protected":false},"excerpt":{"rendered":"<p>Views: 0 . Este ANTECEDENTE: Surge luego de que, una persona con esclerosis mesial bilateral y epilepsia, PROMOVIO amparo indirecto CONTRA la determinaci\u00f3n que declar\u00f3 improcedente el incidente de recusaci\u00f3n solicitado para que una Jueza de Control del TSJ de la CdMx dejara de conocer del proceso penal en el que \u00e9l es la v\u00edctima. [&hellip;]<\/p>\n","protected":false},"author":3,"featured_media":34336,"comment_status":"closed","ping_status":"open","sticky":false,"template":"","format":"standard","meta":{"_jetpack_memberships_contains_paid_content":false,"footnotes":""},"categories":[4],"tags":[],"jetpack_sharing_enabled":true,"jetpack_featured_media_url":"https:\/\/www.salgadonoticias.com\/wp-content\/uploads\/2026\/04\/AdobeStock_442720687-1260x678-1.jpeg","_links":{"self":[{"href":"https:\/\/www.salgadonoticias.com\/index.php?rest_route=\/wp\/v2\/posts\/34326"}],"collection":[{"href":"https:\/\/www.salgadonoticias.com\/index.php?rest_route=\/wp\/v2\/posts"}],"about":[{"href":"https:\/\/www.salgadonoticias.com\/index.php?rest_route=\/wp\/v2\/types\/post"}],"author":[{"embeddable":true,"href":"https:\/\/www.salgadonoticias.com\/index.php?rest_route=\/wp\/v2\/users\/3"}],"replies":[{"embeddable":true,"href":"https:\/\/www.salgadonoticias.com\/index.php?rest_route=%2Fwp%2Fv2%2Fcomments&post=34326"}],"version-history":[{"count":5,"href":"https:\/\/www.salgadonoticias.com\/index.php?rest_route=\/wp\/v2\/posts\/34326\/revisions"}],"predecessor-version":[{"id":34335,"href":"https:\/\/www.salgadonoticias.com\/index.php?rest_route=\/wp\/v2\/posts\/34326\/revisions\/34335"}],"wp:featuredmedia":[{"embeddable":true,"href":"https:\/\/www.salgadonoticias.com\/index.php?rest_route=\/wp\/v2\/media\/34336"}],"wp:attachment":[{"href":"https:\/\/www.salgadonoticias.com\/index.php?rest_route=%2Fwp%2Fv2%2Fmedia&parent=34326"}],"wp:term":[{"taxonomy":"category","embeddable":true,"href":"https:\/\/www.salgadonoticias.com\/index.php?rest_route=%2Fwp%2Fv2%2Fcategories&post=34326"},{"taxonomy":"post_tag","embeddable":true,"href":"https:\/\/www.salgadonoticias.com\/index.php?rest_route=%2Fwp%2Fv2%2Ftags&post=34326"}],"curies":[{"name":"wp","href":"https:\/\/api.w.org\/{rel}","templated":true}]}}